{"id":1567,"date":"2019-04-19T10:12:55","date_gmt":"2019-04-19T09:12:55","guid":{"rendered":"http:\/\/childreninthecloud.org\/?p=1567"},"modified":"2021-05-15T18:46:41","modified_gmt":"2021-05-15T17:46:41","slug":"christine-martel-neue-botschafterin-der-stiftung-children-in-the-cloud","status":"publish","type":"post","link":"https:\/\/childreninthecloud.org\/de\/christine-martel-nouvelle-ambassadrice-de-la-fondation-children-in-the-cloud\/","title":{"rendered":"Christine Martel, neue Botschafterin der Children in the Cloud Foundation."},"content":{"rendered":"<p><img decoding=\"async\" class=\"alignleft size-medium wp-image-1568 lazyload\" data-src=\"https:\/\/childreninthecloud.org\/wp-content\/uploads\/2019\/04\/christine-Martel-254x300.png\" alt=\"\" width=\"254\" height=\"300\" data-srcset=\"https:\/\/childreninthecloud.org\/wp-content\/uploads\/2019\/04\/christine-Martel-254x300.png 254w, https:\/\/childreninthecloud.org\/wp-content\/uploads\/2019\/04\/christine-Martel-768x907.png 768w, https:\/\/childreninthecloud.org\/wp-content\/uploads\/2019\/04\/christine-Martel-867x1024.png 867w, https:\/\/childreninthecloud.org\/wp-content\/uploads\/2019\/04\/christine-Martel.png 1058w\" data-sizes=\"auto\" src=\"data:image\/svg+xml;base64,PHN2ZyB3aWR0aD0iMSIgaGVpZ2h0PSIxIiB4bWxucz0iaHR0cDovL3d3dy53My5vcmcvMjAwMC9zdmciPjwvc3ZnPg==\" style=\"--smush-placeholder-width: 254px; --smush-placeholder-aspect-ratio: 254\/300;\" data-original-sizes=\"(max-width: 254px) 100vw, 254px\" \/>Mit gro\u00dfer Freude pr\u00e4sentieren wir Ihnen\u00a0<strong>Christine Martel<\/strong>unser neuer Stiftungsbotschafter\u00a0<strong>Children in the Cloud<\/strong>.<\/p>\n<p>Christine ist seit Anfang 2017 an den Aktivit\u00e4ten von Children in the Cloud beteiligt. W\u00e4hrend des Austauschs mit Eric, dem Mitbegr\u00fcnder, beschloss Christine, der Stiftung unter die Arme zu greifen und vor allem das Fundraising und die Kommunikation zu unterst\u00fctzen. Durch die internationale Suche nach Spendern konnte das Projekt p\u00fcnktlich starten. Durch den Austausch mit den Gr\u00fcndern entwickelte Christine auch die Brosch\u00fcren der Stiftung und deren \u00dcbersetzung in verschiedene Sprachen.<\/p>\n<p>\"\u00a0<em>Tun Sie Ihr Bestes<\/em>\u00a0\"Christines prim\u00e4re Motivation ist es, die Welt zu einem besseren Ort zu machen. Christine hat eine Leidenschaft f\u00fcr Entdeckungen, Lernen und unkonventionelle Projekte. Sie hat gro\u00dfen Respekt und Bewunderung f\u00fcr die Energie und das Engagement, das die Gr\u00fcnder von Children in the Cloud seit \u00fcber 3 Jahren zeigen.<\/p>\n<p>Beruflich im Kaffeesektor t\u00e4tig, liegt Christine das Projekt zur Unterst\u00fctzung der Ausbildung in Sona in \u00c4thiopien, der Wiege der Menschheit und dem Hort der Artenvielfalt, besonders am Herzen. Ihre Begeisterung hat auch ihre Kinder erreicht, die sich von Zeit zu Zeit als Freiwillige an der Arbeit der Stiftung beteiligen.<\/p>","protected":false},"excerpt":{"rendered":"<p>Mit gro\u00dfer Freude stellen wir Ihnen Christine Martel vor, unsere neue Botschafterin der Children in the Cloud Foundation. Christine ist seit Anfang 2017 an den Aktivit\u00e4ten von Children in the Cloud beteiligt. In Gespr\u00e4chen mit Eric, dem Mitbegr\u00fcnder, entschloss sich Christine, der Stiftung unter die Arme zu greifen und insbesondere das Fundraising und ... <\/p>","protected":false},"author":1,"featured_media":1568,"comment_status":"closed","ping_status":"closed","sticky":false,"template":"","format":"standard","meta":{"wds_primary_category":0,"footnotes":""},"categories":[3],"tags":[],"class_list":["post-1567","post","type-post","status-publish","format-standard","has-post-thumbnail","hentry","category-vie-de-la-fondation","latest_post"],"_links":{"self":[{"href":"https:\/\/childreninthecloud.org\/de\/wp-json\/wp\/v2\/posts\/1567","targetHints":{"allow":["GET"]}}],"collection":[{"href":"https:\/\/childreninthecloud.org\/de\/wp-json\/wp\/v2\/posts"}],"about":[{"href":"https:\/\/childreninthecloud.org\/de\/wp-json\/wp\/v2\/types\/post"}],"author":[{"embeddable":true,"href":"https:\/\/childreninthecloud.org\/de\/wp-json\/wp\/v2\/users\/1"}],"replies":[{"embeddable":true,"href":"https:\/\/childreninthecloud.org\/de\/wp-json\/wp\/v2\/comments?post=1567"}],"version-history":[{"count":0,"href":"https:\/\/childreninthecloud.org\/de\/wp-json\/wp\/v2\/posts\/1567\/revisions"}],"wp:featuredmedia":[{"embeddable":true,"href":"https:\/\/childreninthecloud.org\/de\/wp-json\/wp\/v2\/media\/1568"}],"wp:attachment":[{"href":"https:\/\/childreninthecloud.org\/de\/wp-json\/wp\/v2\/media?parent=1567"}],"wp:term":[{"taxonomy":"category","embeddable":true,"href":"https:\/\/childreninthecloud.org\/de\/wp-json\/wp\/v2\/categories?post=1567"},{"taxonomy":"post_tag","embeddable":true,"href":"https:\/\/childreninthecloud.org\/de\/wp-json\/wp\/v2\/tags?post=1567"}],"curies":[{"name":"wp","href":"https:\/\/api.w.org\/{rel}","templated":true}]}}