{"id":1604,"date":"2019-05-01T09:35:47","date_gmt":"2019-05-01T08:35:47","guid":{"rendered":"http:\/\/childreninthecloud.org\/?p=1604"},"modified":"2025-05-26T17:42:32","modified_gmt":"2025-05-26T16:42:32","slug":"bericht-uber-unsere-reise-nach-sona","status":"publish","type":"post","link":"https:\/\/childreninthecloud.org\/de\/compte-rendu-de-notre-voyage-a-sona\/","title":{"rendered":"Bericht \u00fcber unsere Reise nach Sona"},"content":{"rendered":"<p>Vom 24. bis 27. April fuhren wir nach <strong>Sona<\/strong>\u00a0(Simien-Massiv - \u00c4thiopien) zur \u00dcberwachung der <strong>Schulbau<\/strong> und versicherten uns, dass die im Bau befindlichen Geb\u00e4ude zum Beginn des n\u00e4chsten Schuljahres fertig sein w\u00fcrden. Dies sollte der Fall sein! Bis Oktober 2019 sollen den rund 450 Sch\u00fclern der Schule 2 Bl\u00f6cke und 8 Klassenr\u00e4ume sowie Sanit\u00e4ranlagen f\u00fcr Jungen und M\u00e4dchen zur Verf\u00fcgung stehen.<\/p>\n<p>Hier ein \u00dcberblick \u00fcber die Website am 25. April :<\/p>\n<p><a href=\"https:\/\/childreninthecloud.org\/wp-content\/uploads\/2019\/05\/DJI_0015.jpg\"><img decoding=\"async\" class=\"aligncenter size-large wp-image-1606 lazyload\" data-src=\"https:\/\/childreninthecloud.org\/wp-content\/uploads\/2019\/05\/DJI_0015-1024x682.jpg\" alt=\"\" width=\"730\" height=\"486\" data-srcset=\"https:\/\/childreninthecloud.org\/wp-content\/uploads\/2019\/05\/DJI_0015-1024x682.jpg 1024w, https:\/\/childreninthecloud.org\/wp-content\/uploads\/2019\/05\/DJI_0015-300x200.jpg 300w, https:\/\/childreninthecloud.org\/wp-content\/uploads\/2019\/05\/DJI_0015-768x511.jpg 768w, https:\/\/childreninthecloud.org\/wp-content\/uploads\/2019\/05\/DJI_0015.jpg 2000w\" data-sizes=\"auto\" src=\"data:image\/svg+xml;base64,PHN2ZyB3aWR0aD0iMSIgaGVpZ2h0PSIxIiB4bWxucz0iaHR0cDovL3d3dy53My5vcmcvMjAwMC9zdmciPjwvc3ZnPg==\" style=\"--smush-placeholder-width: 730px; --smush-placeholder-aspect-ratio: 730\/486;\" data-original-sizes=\"(max-width: 730px) 100vw, 730px\" \/><\/a><\/p>\n<p>Kurz und b\u00fcndig:<\/p>\n<ul>\n<li>die Fundamente und W\u00e4nde der beiden Klassenbl\u00f6cke sind fertiggestellt. Die Arbeiten am Dach des ersten Blocks sind im Gange. Die Herausforderung besteht darin, die beiden Geb\u00e4ude vor der Regenzeit, die in den n\u00e4chsten Wochen beginnen soll, wasserdicht zu machen. Die Arbeitsteams wurden durch die Firma <em><strong>Kedir Hassan<\/strong><\/em> der f\u00fcr den Standort zust\u00e4ndig ist.<\/li>\n<li>die Ausgrabungsarbeit der 2 <strong>Toilettenh\u00e4uschen<\/strong> fertig sind, war es eine titanische Arbeit, denn die L\u00f6cher wurden in 4m Tiefe in einem sehr steinigen Boden gegraben, auf einer Fl\u00e4che von 4 x 6m!<\/li>\n<li>alle <strong>Materialien<\/strong> f\u00fcr die Fertigstellung der 4 im Bau befindlichen Geb\u00e4ude wurden auf die Baustelle gebracht, insbesondere das Holz, die Dachbahnen, die T\u00fcr- und Fensterrahmen.<\/li>\n<\/ul>\n<p>Die <strong>lokale Gemeinschaft<\/strong>Die Schule, die mit dem Projekt immer mehr mobilisiert wird, beteiligt sich aktiv an den Bauarbeiten, ebenso die Lehrer! Jeden Tag kommen durchschnittlich 20 Personen, um den Maurern (Foto unten) und Zimmerleuten bei ihrer Arbeit zu helfen.<\/p>\n<p><a href=\"https:\/\/childreninthecloud.org\/wp-content\/uploads\/2019\/05\/3R4A4966.jpg\"><img decoding=\"async\" class=\"aligncenter size-large wp-image-1608 lazyload\" data-src=\"https:\/\/childreninthecloud.org\/wp-content\/uploads\/2019\/05\/3R4A4966-1024x682.jpg\" alt=\"\" width=\"730\" height=\"486\" data-srcset=\"https:\/\/childreninthecloud.org\/wp-content\/uploads\/2019\/05\/3R4A4966-1024x682.jpg 1024w, https:\/\/childreninthecloud.org\/wp-content\/uploads\/2019\/05\/3R4A4966-300x200.jpg 300w, https:\/\/childreninthecloud.org\/wp-content\/uploads\/2019\/05\/3R4A4966-768x512.jpg 768w, https:\/\/childreninthecloud.org\/wp-content\/uploads\/2019\/05\/3R4A4966.jpg 2000w\" data-sizes=\"auto\" src=\"data:image\/svg+xml;base64,PHN2ZyB3aWR0aD0iMSIgaGVpZ2h0PSIxIiB4bWxucz0iaHR0cDovL3d3dy53My5vcmcvMjAwMC9zdmciPjwvc3ZnPg==\" style=\"--smush-placeholder-width: 730px; --smush-placeholder-aspect-ratio: 730\/486;\" data-original-sizes=\"(max-width: 730px) 100vw, 730px\" \/><\/a><\/p>\n<p>Schlie\u00dflich, und wie immer, die <strong>Schulmaterial<\/strong> f\u00fcr Studenten wurde mit 1152 100-seitigen Notizb\u00fcchern und 1050 Kugelschreibern aufgef\u00fcllt.<\/p>\n<h3>Weitere Informationen bald!<\/h3>\n<p>In den kommenden Wochen werden wir Ihnen weitere Informationen geben. Wir bereiten n\u00e4mlich :<\/p>\n<ul>\n<li>ein Video von unserem Besuch bei Sona<\/li>\n<li>ein Video \u00fcber die Partnerschaft zwischen dem Simien-Nationalpark und der Children in the Cloud-Stiftung<\/li>\n<li>einen Bericht zur Bewertung der wirtschaftlichen Auswirkungen dieser ersten Bauphase auf die lokale Gemeinschaft.<\/li>\n<\/ul>\n<h4>Vielen Dank f\u00fcr Ihre Unterst\u00fctzung und vor allem daf\u00fcr, dass Sie uns weiterhin unterst\u00fctzen!<\/h4>\n<p style=\"text-align: center;\"><a class=\"maxbutton-1 maxbutton maxbutton-faites-un-don\" target=\"_blank\" rel=\"noopener\" href=\"https:\/\/childreninthecloud.org\/de\/humanitare-spende-athiopien\/\"><span class='mb-text' >EINE SPENDE MACHEN<\/span><\/a><\/p>","protected":false},"excerpt":{"rendered":"<p>Vom 24. bis 27. April fuhren wir nach Sona (Simien-Massiv - \u00c4thiopien), um den Bau der Schule zu verfolgen und um sicherzustellen, dass die im Bau befindlichen Geb\u00e4ude f\u00fcr das n\u00e4chste Schuljahr fertig sind. Dies sollte der Fall sein! Ab Oktober 2019 werden 2 Bl\u00f6cke und 8 Klassenr\u00e4ume, sowie Jungen- und M\u00e4dchentoiletten ... <\/p>","protected":false},"author":1,"featured_media":1606,"comment_status":"closed","ping_status":"closed","sticky":false,"template":"","format":"standard","meta":{"wds_primary_category":0,"footnotes":""},"categories":[243],"tags":[],"class_list":["post-1604","post","type-post","status-publish","format-standard","has-post-thumbnail","hentry","category-travaux","latest_post"],"_links":{"self":[{"href":"https:\/\/childreninthecloud.org\/de\/wp-json\/wp\/v2\/posts\/1604","targetHints":{"allow":["GET"]}}],"collection":[{"href":"https:\/\/childreninthecloud.org\/de\/wp-json\/wp\/v2\/posts"}],"about":[{"href":"https:\/\/childreninthecloud.org\/de\/wp-json\/wp\/v2\/types\/post"}],"author":[{"embeddable":true,"href":"https:\/\/childreninthecloud.org\/de\/wp-json\/wp\/v2\/users\/1"}],"replies":[{"embeddable":true,"href":"https:\/\/childreninthecloud.org\/de\/wp-json\/wp\/v2\/comments?post=1604"}],"version-history":[{"count":1,"href":"https:\/\/childreninthecloud.org\/de\/wp-json\/wp\/v2\/posts\/1604\/revisions"}],"predecessor-version":[{"id":8217,"href":"https:\/\/childreninthecloud.org\/de\/wp-json\/wp\/v2\/posts\/1604\/revisions\/8217"}],"wp:featuredmedia":[{"embeddable":true,"href":"https:\/\/childreninthecloud.org\/de\/wp-json\/wp\/v2\/media\/1606"}],"wp:attachment":[{"href":"https:\/\/childreninthecloud.org\/de\/wp-json\/wp\/v2\/media?parent=1604"}],"wp:term":[{"taxonomy":"category","embeddable":true,"href":"https:\/\/childreninthecloud.org\/de\/wp-json\/wp\/v2\/categories?post=1604"},{"taxonomy":"post_tag","embeddable":true,"href":"https:\/\/childreninthecloud.org\/de\/wp-json\/wp\/v2\/tags?post=1604"}],"curies":[{"name":"wp","href":"https:\/\/api.w.org\/{rel}","templated":true}]}}