{"id":1835,"date":"2019-07-03T17:18:34","date_gmt":"2019-07-03T16:18:34","guid":{"rendered":"http:\/\/childreninthecloud.org\/?p=1835"},"modified":"2025-05-26T17:44:00","modified_gmt":"2025-05-26T16:44:00","slug":"die-stadt-montreux-verstarkt-ihre-unterstutzung-fur-unsere-stiftung","status":"publish","type":"post","link":"https:\/\/childreninthecloud.org\/de\/la-ville-de-montreux-renforce-son-soutient-a-notre-fondation\/","title":{"rendered":"Die Stadt Montreux (VD) verst\u00e4rkt ihre Unterst\u00fctzung f\u00fcr unsere Stiftung"},"content":{"rendered":"<p>Montreux unterst\u00fctzt unsere Stiftung! \"\u00a0<em>Niemand ist ein Prophet im eigenen Land<\/em>\u00a0\"Gl\u00fccklicherweise trifft dieses Sprichwort nicht immer zu, und das gilt auch f\u00fcr die <em><strong>Children in the Cloud-Stiftung<\/strong><\/em>f\u00fcr das gr\u00f6\u00dfte Gl\u00fcck der Kinder von Sona! Eingetragen im Handelsregister von <strong>Kanton Waadt<\/strong> am 6. Juli 2016, hat die Stiftung tats\u00e4chlich ihren Sitz in <strong>Montreux<\/strong>. Seitdem erh\u00e4lt es Unterst\u00fctzung von der <a href=\"https:\/\/www.montreux.ch\/accueil\"><strong>Gemeinde Montreux<\/strong><\/a> um bei der Einrichtung und dem Start des Projekts zu helfen.<\/p>\r\n<p>Auf der Grundlage unserer ersten Erfolge und insbesondere der <strong>Baubeginn im Oktober 2018<\/strong> (siehe unser aktuelles <a href=\"https:\/\/childreninthecloud.org\/de\/bericht-uber-unsere-reise-nach-sona\/\">Reisebericht vom April 2019<\/a>), haben wir unseren Antrag auf finanzielle Unterst\u00fctzung durch die Gemeinde erneuert. Wir waren erfreut \u00fcber den unten stehenden Brief, der die Unterst\u00fctzung der Stadt durch eine sehr bedeutende <strong>Spende von CHF 10.000<\/strong> !<\/p>\r\n<p>Im Namen der Stiftung und der gesamten Bev\u00f6lkerung von Sona sowie der lokalen Beh\u00f6rden m\u00f6chten wir der Gemeinde Montreux f\u00fcr ihre Sensibilit\u00e4t gegen\u00fcber dem Projekt und die St\u00e4rke ihrer Unterst\u00fctzung herzlich danken!<\/p>\r\n<p><a href=\"https:\/\/childreninthecloud.org\/wp-content\/uploads\/2019\/07\/IMG_3740.jpg\"><img decoding=\"async\" class=\"aligncenter wp-image-1839 size-large lazyload\" data-src=\"https:\/\/childreninthecloud.org\/wp-content\/uploads\/2019\/07\/IMG_3740-e1562170641823-768x1024.jpg\" alt=\"\" width=\"730\" height=\"973\" data-srcset=\"https:\/\/childreninthecloud.org\/wp-content\/uploads\/2019\/07\/IMG_3740-e1562170641823-768x1024.jpg 768w, https:\/\/childreninthecloud.org\/wp-content\/uploads\/2019\/07\/IMG_3740-e1562170641823-225x300.jpg 225w\" data-sizes=\"auto\" src=\"data:image\/svg+xml;base64,PHN2ZyB3aWR0aD0iMSIgaGVpZ2h0PSIxIiB4bWxucz0iaHR0cDovL3d3dy53My5vcmcvMjAwMC9zdmciPjwvc3ZnPg==\" style=\"--smush-placeholder-width: 730px; --smush-placeholder-aspect-ratio: 730\/973;\" data-original-sizes=\"(max-width: 730px) 100vw, 730px\" \/><\/a><\/p>\r\n\r\n<h2 id=\"h-une-fondation-ancr-e-en-suisse-vaudoise\" class=\"wp-block-heading\">Eine im Kanton Waadt verankerte Stiftung!<\/h2>\r\n\r\n\r\n\r\n<p>Unsere Stiftung ist in der Kultur des Kantons Waadt und insbesondere in Montreux verankert. Dar\u00fcber hinaus hat die Gemeinde Montreux ihre Unterst\u00fctzung Jahr f\u00fcr Jahr erneuert und im Jahr 2020 sogar erh\u00f6ht. 60% der Mittel der Stiftung stammen aus der Schweiz und insbesondere aus dem Kanton Waadt und Genf.<\/p>\r\n\r\n\r\n\r\n<h2 id=\"h-vous-aussi-faites-un-don\" class=\"wp-block-heading\">Auch Sie k\u00f6nnen eine Spende leisten!<\/h2>\r\n\r\n\r\n\r\n<p>Der gr\u00f6\u00dfte Teil unserer Mittel stammt von Stiftungen und Einzelpersonen, die uns unterst\u00fctzen. Auch Sie k\u00f6nnen uns beim Bau der Schule von Sona in \u00c4thiopien unterst\u00fctzen!<\/p>\r\n\r\n\r\n\r\n<p class=\"has-text-align-center\"><a class=\"maxbutton-1 maxbutton maxbutton-faites-un-don\" target=\"_blank\" rel=\"noopener\" href=\"https:\/\/childreninthecloud.org\/de\/humanitare-spende-athiopien\/\"><span class='mb-text' >EINE SPENDE MACHEN<\/span><\/a><\/p>","protected":false},"excerpt":{"rendered":"<p>Montreux unterst\u00fctzt unsere Stiftung! \"Niemand ist ein Prophet im eigenen Land\", hei\u00dft es... Gl\u00fccklicherweise trifft dieses Sprichwort nicht immer zu, und das gilt auch f\u00fcr die Stiftung Children in the Cloud, zur gro\u00dfen Freude der Kinder von Sona! Die Stiftung wurde am 6. Juli 2016 im Handelsregister des Kantons Waadt eingetragen und hat ihren Sitz in ... <\/p>","protected":false},"author":1,"featured_media":1840,"comment_status":"closed","ping_status":"closed","sticky":false,"template":"","format":"standard","meta":{"wds_primary_category":0,"footnotes":""},"categories":[3],"tags":[],"class_list":["post-1835","post","type-post","status-publish","format-standard","has-post-thumbnail","hentry","category-vie-de-la-fondation","latest_post"],"_links":{"self":[{"href":"https:\/\/childreninthecloud.org\/de\/wp-json\/wp\/v2\/posts\/1835","targetHints":{"allow":["GET"]}}],"collection":[{"href":"https:\/\/childreninthecloud.org\/de\/wp-json\/wp\/v2\/posts"}],"about":[{"href":"https:\/\/childreninthecloud.org\/de\/wp-json\/wp\/v2\/types\/post"}],"author":[{"embeddable":true,"href":"https:\/\/childreninthecloud.org\/de\/wp-json\/wp\/v2\/users\/1"}],"replies":[{"embeddable":true,"href":"https:\/\/childreninthecloud.org\/de\/wp-json\/wp\/v2\/comments?post=1835"}],"version-history":[{"count":1,"href":"https:\/\/childreninthecloud.org\/de\/wp-json\/wp\/v2\/posts\/1835\/revisions"}],"predecessor-version":[{"id":8218,"href":"https:\/\/childreninthecloud.org\/de\/wp-json\/wp\/v2\/posts\/1835\/revisions\/8218"}],"wp:featuredmedia":[{"embeddable":true,"href":"https:\/\/childreninthecloud.org\/de\/wp-json\/wp\/v2\/media\/1840"}],"wp:attachment":[{"href":"https:\/\/childreninthecloud.org\/de\/wp-json\/wp\/v2\/media?parent=1835"}],"wp:term":[{"taxonomy":"category","embeddable":true,"href":"https:\/\/childreninthecloud.org\/de\/wp-json\/wp\/v2\/categories?post=1835"},{"taxonomy":"post_tag","embeddable":true,"href":"https:\/\/childreninthecloud.org\/de\/wp-json\/wp\/v2\/tags?post=1835"}],"curies":[{"name":"wp","href":"https:\/\/api.w.org\/{rel}","templated":true}]}}