{"id":1980,"date":"2019-10-19T16:52:23","date_gmt":"2019-10-19T15:52:23","guid":{"rendered":"http:\/\/childreninthecloud.org\/?p=1980"},"modified":"2025-05-26T17:40:03","modified_gmt":"2025-05-26T16:40:03","slug":"gala-und-spendenabend-in-der-hotelschule-von-caux-montreux-am-7-dezember-2019","status":"publish","type":"post","link":"https:\/\/childreninthecloud.org\/de\/soiree-de-gala-et-de-collecte-de-fonds-a-lecole-hoteliere-de-caux-montreux-le-7-decembre-2019\/","title":{"rendered":"Gala- und Spendenabend, in der Hotelfachschule Caux - Montreux am 7. Dezember 2019."},"content":{"rendered":"<p>Die ber\u00fchmte Hotelfachschule, untergebracht im au\u00dfergew\u00f6hnlichen <strong>Palast von Caux<\/strong> stellt seine Einrichtungen, Studenten und sein Budget wohlt\u00e4tigen Organisationen zur Verf\u00fcgung, um eine Spendengala zu organisieren. Am 7. Dezember wird Children in the Cloud davon profitieren und schon jetzt geht unser unendlicher Dank an die<strong>SHMS<\/strong>Ich m\u00f6chte mich bei allen Mitgliedern des Teams, den Sch\u00fclern und Lehrern bedanken, insbesondere bei Herrn Nektarios LYKOPANTIS, der f\u00fcr das Programm verantwortlich ist.<\/p>\r\n\r\n\r\n\r\n<p>Der Abend beinhaltet einen Willkommensdrink und ein afrikanisch inspiriertes Essen. Der Abend wird durch ein Unterhaltungsprogramm sowie eine Tombola aufgelockert, deren Erl\u00f6s in voller H\u00f6he der Stiftung zugute kommt. Der Eintrittspreis betr\u00e4gt CFH.-100 pro Person (500.-CHF f\u00fcr einen 6er-Tisch), der wiederum vollst\u00e4ndig an die Stiftung gespendet wird. Die Presse und Offizielle werden ebenfalls anwesend sein.<\/p>\r\n\r\n\r\n\r\n<p>Es werden Ausstellungen mit Gem\u00e4lden und Fotos von Christine Collet zu sehen sein. Es sind auch Aktivit\u00e4ten geplant, darunter eine Tombola mit Preisen im Wert von \u00fcber 4000 CHF!<\/p>\r\n\r\n\r\n\r\n<p>&nbsp;<\/p>\r\n\r\n\r\n\r\n<p>Wenn Sie es nicht schaffen, sprechen Sie mit jemandem oder <a href=\"https:\/\/childreninthecloud.org\/de\/humanitare-spende-athiopien\/\">eine Spende machen<\/a> weil die <strong><a href=\"https:\/\/childreninthecloud.org\/de\/bericht-uber-unsere-reise-nach-sona\/\">die Arbeit schreitet z\u00fcgig voran<\/a><\/strong> !<\/p>\r\n\r\n\r\n\r\n<h2 class=\"wp-block-heading\">\u00dcber die Children in the Cloud-Stiftung<\/h2>\r\n\r\n\r\n\r\n<p>Im November 2015 entdeckten Eric und Herv\u00e9 bei einem Trekking \u00c4thiopien und das Simien-Massiv. Zwischen Enthusiasmus und Fingerspitzengef\u00fchl w\u00fcrden sie nicht unbeschadet von dieser Reise auf das \"Dach Afrikas\" zur\u00fcckkehren. Weniger als 2 Jahre sp\u00e4ter war eine Stiftung nach Schweizer Recht geboren (Children in the Cloud Foundation - Montreux), die europaweit steuerlich anerkannt ist und von der Gemeinde Montreux unterst\u00fctzt wird. 3 Jahre sp\u00e4ter, im Oktober 2018, beginnen die Arbeiten an der Schule! Die erste Etappe (Wasser, sanit\u00e4re Anlagen und Klassenr\u00e4ume f\u00fcr 400 Kinder) steht kurz vor der Fertigstellung.<\/p>","protected":false},"excerpt":{"rendered":"<p>Die ber\u00fchmte Hotelfachschule, die im au\u00dfergew\u00f6hnlichen Palace de Caux untergebracht ist, stellt Wohlt\u00e4tigkeitsorganisationen ihre Einrichtungen, ihre Sch\u00fcler und ein Budget f\u00fcr eine Spendengala zur Verf\u00fcgung. Am 7. Dezember wird Children in the Cloud davon profitieren, und schon jetzt gilt unsere unendliche Dankbarkeit der SHMS, ihren Studenten und Lehrern, insbesondere Herrn ... <\/p>","protected":false},"author":1,"featured_media":1984,"comment_status":"closed","ping_status":"closed","sticky":false,"template":"","format":"standard","meta":{"wds_primary_category":0,"footnotes":""},"categories":[3],"tags":[],"class_list":["post-1980","post","type-post","status-publish","format-standard","has-post-thumbnail","hentry","category-vie-de-la-fondation","latest_post"],"_links":{"self":[{"href":"https:\/\/childreninthecloud.org\/de\/wp-json\/wp\/v2\/posts\/1980","targetHints":{"allow":["GET"]}}],"collection":[{"href":"https:\/\/childreninthecloud.org\/de\/wp-json\/wp\/v2\/posts"}],"about":[{"href":"https:\/\/childreninthecloud.org\/de\/wp-json\/wp\/v2\/types\/post"}],"author":[{"embeddable":true,"href":"https:\/\/childreninthecloud.org\/de\/wp-json\/wp\/v2\/users\/1"}],"replies":[{"embeddable":true,"href":"https:\/\/childreninthecloud.org\/de\/wp-json\/wp\/v2\/comments?post=1980"}],"version-history":[{"count":1,"href":"https:\/\/childreninthecloud.org\/de\/wp-json\/wp\/v2\/posts\/1980\/revisions"}],"predecessor-version":[{"id":8216,"href":"https:\/\/childreninthecloud.org\/de\/wp-json\/wp\/v2\/posts\/1980\/revisions\/8216"}],"wp:featuredmedia":[{"embeddable":true,"href":"https:\/\/childreninthecloud.org\/de\/wp-json\/wp\/v2\/media\/1984"}],"wp:attachment":[{"href":"https:\/\/childreninthecloud.org\/de\/wp-json\/wp\/v2\/media?parent=1980"}],"wp:term":[{"taxonomy":"category","embeddable":true,"href":"https:\/\/childreninthecloud.org\/de\/wp-json\/wp\/v2\/categories?post=1980"},{"taxonomy":"post_tag","embeddable":true,"href":"https:\/\/childreninthecloud.org\/de\/wp-json\/wp\/v2\/tags?post=1980"}],"curies":[{"name":"wp","href":"https:\/\/api.w.org\/{rel}","templated":true}]}}