{"id":2030,"date":"2019-12-11T14:30:59","date_gmt":"2019-12-11T13:30:59","guid":{"rendered":"https:\/\/childreninthecloud.org\/?p=2030"},"modified":"2025-05-26T17:38:55","modified_gmt":"2025-05-26T16:38:55","slug":"ein-galaabend-ein-wunderbarer-erfolg","status":"publish","type":"post","link":"https:\/\/childreninthecloud.org\/de\/soiree-de-gala-un-magnifique-succes\/","title":{"rendered":"Gala-Abend: ein gro\u00dfer Erfolg!"},"content":{"rendered":"<p>Am vergangenen Samstag, 7. Dezember, fand unser Abend der <strong><a href=\"https:\/\/childreninthecloud.org\/de\/gala-und-spendenabend-in-der-hotelschule-von-caux-montreux-am-7-dezember-2019\/\">Wohlt\u00e4tigkeitsgala im Palace de Caux<\/a>,<\/strong> auf Einladung der renommierten Hotelfachschule von Montreus <strong><a href=\"https:\/\/www.shms.com\/fr\/micro\/pourquoi-swiss-hotel-management-school-1761\" target=\"_blank\" rel=\"noreferrer noopener\" aria-label=\"SHMS (\u00f6ffnet in einem neuen Tab)\">SHMS<\/a><\/strong>. 150 G\u00e4ste waren anwesend und konnten mit uns 4 Jahre Arbeit im Dienste der Kinder und Familien von Simiens feiern, darunter auch die k\u00fcrzliche Einweihung der Geb\u00e4ude von Tranche 1.<\/p>\r\n\r\n\r\n\r\n<h4 class=\"wp-block-heading\" id=\"h-soiree-caritative-de-collecte-de-fonds\">Wohlt\u00e4tigkeits-Spendenaktion<\/h4>\r\n\r\n\r\n\r\n<p>In seiner Ansprache, die <strong>Pr\u00e4sident Eric Collet <\/strong>blickte auf den Zeitraum 2015 \/ 2019 zur\u00fcck, von den ersten Schritten in \u00c4thiopien bis zur Einweihung der ersten Klassenzimmer. Unterst\u00fctzt wurde seine Rede durch ein Video, das die wichtigsten Etappen der Geschichte der Stiftung und des Schulbaus nachzeichnet und das Sie sich hier anschauen k\u00f6nnen.<\/p>\r\n\r\n\r\n\r\n<h2 class=\"wp-block-heading\" id=\"h-2015-2019-histoire-de-la-fondation\">2015-2019 - Geschichte der Stiftung<\/h2>\r\n\r\n\r\n\r\n<p class=\"has-text-align-center has-background\" style=\"background-color: #000000;\"><iframe data-src=\"https:\/\/www.youtube.com\/embed\/KlK4Tfm3cMs\" width=\"560\" height=\"315\" frameborder=\"0\" allowfullscreen=\"allowfullscreen\" src=\"data:image\/svg+xml;base64,PHN2ZyB3aWR0aD0iMSIgaGVpZ2h0PSIxIiB4bWxucz0iaHR0cDovL3d3dy53My5vcmcvMjAwMC9zdmciPjwvc3ZnPg==\" class=\"lazyload\" data-load-mode=\"1\"><\/iframe><\/p>\r\n\r\n\r\n\r\n<p>Die <strong>SHMS-Sch\u00fcler<\/strong> hat einen tollen Job gemacht und ein k\u00f6stliches Essen mit einer Reihe von sehr gelungenen Animationen zum Thema Afrika unterstrichen. Ihre Arbeit und die ihrer Lehrer ist zu loben und ihnen ist von Herzen zu danken f\u00fcr ihren unsch\u00e4tzbaren Beitrag zum Erfolg des Children in the Cloud-Projekts! Ein besonderes Dankesch\u00f6n an die Lehrerin, die f\u00fcr die Spendenaktion verantwortlich war, <strong>Herr Nektarios Lycopantis <\/strong>! Lassen Sie uns auch f\u00fcr ihre Anwesenheit und Unterst\u00fctzung danken die <strong>Gemeinden von Montreux <\/strong>Jaqueline Pellet, Jean Pierre Piemontesi<strong>. Ms. Pellet, <\/strong>Sie hielt eine viel beachtete Rede, in der sie die Hilfe der Gemeinde erneuerte, die nach ihren Worten sogar noch ausgeweitet werden sollte.<\/p>\r\n\r\n\r\n\r\n<p>Im Hinblick auf die finanziellen Auswirkungen der Veranstaltung wurden mehr als 22.000 CHF gesammelt, wodurch der Erfolg der Veranstaltung durch den finanziellen Erfolg erg\u00e4nzt wurde, der f\u00fcr die Fortsetzung der Arbeit der Stiftung so wichtig ist. Ein herzliches Dankesch\u00f6n an alle Spender!<\/p>\r\n\r\n\r\n\r\n<h2 class=\"wp-block-heading\" id=\"h-diaporama-de-la-soir-e\">Diaschau des Abends<\/h2>\r\n\r\n\r\n<style type=\"text\/css\">\n#foogallery-gallery-2048 .fg-image { width: 150px; }\n#foogallery-gallery-2048 { --fg-gutter: 10px; }<\/style>\n\t\t\t<div class=\"foogallery foogallery-container foogallery-default foogallery-lightbox-foobox fg-center fg-default fg-ready fg-light fg-border-thin fg-shadow-outline fg-loading-default fg-loaded-fade-in fg-caption-hover fg-hover-fade fg-hover-zoom\" id=\"foogallery-gallery-2048\" data-foogallery=\"{&quot;item&quot;:{&quot;showCaptionTitle&quot;:true,&quot;showCaptionDescription&quot;:true},&quot;lazy&quot;:true}\" style=\"--fg-title-line-clamp: 0; --fg-description-line-clamp: 0;\" >\n\t<div class=\"fg-item fg-type-image fg-idle\"><figure class=\"fg-item-inner\"><a href=\"https:\/\/childreninthecloud.org\/wp-content\/uploads\/2019\/12\/banquet-51.jpg\" data-caption-title=\"ONG Ethiopie Children in the Cloud - Massif du Simien - construction de l&#039;\u00e9cole de Sona. photo soir\u00e9e de Gala SHMS Ecole h\u00f4teli\u00e8re de Caux - Montreux.\" data-caption-desc=\"ONG Ethiopie Children in the Cloud - Massif du Simien - construction de l&#039;\u00e9cole de Sona. photo soir\u00e9e de Gala SHMS Ecole h\u00f4teli\u00e8re de Caux - Montreux.\" data-attachment-id=\"2050\" data-type=\"image\" class=\"fg-thumb\"><span class=\"fg-image-wrap\"><img decoding=\"async\" alt=\"Gala SHMS Ecole h\u00f4teli\u00e8re de Caux - Montreux.\" title=\"NGO \u00c4thiopien Children in the Cloud - Massiv des Simien - Bau der Schule in Sona. Foto Galaabend SHMS Ecole h\u00f4teli\u00e8re de Caux - Montreux.\" width=\"150\" height=\"150\" class=\"skip-lazy fg-image\" data-src-fg=\"https:\/\/childreninthecloud.org\/wp-content\/uploads\/cache\/2019\/12\/banquet-51\/3392465661.jpg\" src=\"data:image\/svg+xml,%3Csvg%20xmlns%3D%22http%3A%2F%2Fwww.w3.org%2F2000%2Fsvg%22%20width%3D%22150%22%20height%3D%22150%22%20viewBox%3D%220%200%20150%20150%22%3E%3C%2Fsvg%3E\" loading=\"eager\"><\/span><span class=\"fg-image-overlay\"><\/span><\/a><figcaption class=\"fg-caption\"><div class=\"fg-caption-inner\"><div class=\"fg-caption-title\">NGO \u00c4thiopien Children in the Cloud - Massif du Simien - Bau der Schule von Sona. Foto Galaabend SHMS Ecole h\u00f4teli\u00e8re de Caux - Montreux.<\/div><div class=\"fg-caption-desc\">NGO \u00c4thiopien Children in the Cloud - Massif du Simien - Bau der Schule von Sona. Foto Galaabend SHMS Ecole h\u00f4teli\u00e8re de Caux - Montreux.<\/div><\/div><\/figcaption><\/figure><div class=\"fg-loader\"><\/div><\/div><div class=\"fg-item fg-type-image fg-idle\"><figure class=\"fg-item-inner\"><a href=\"https:\/\/childreninthecloud.org\/wp-content\/uploads\/2019\/12\/banquet109-103.jpg\" data-caption-title=\"ONG Ethiopie Children in the Cloud - Massif du Simien - construction de l&#039;\u00e9cole de Sona. photo soir\u00e9e de Gala SHMS Ecole h\u00f4teli\u00e8re de Caux - Montreux.\" data-caption-desc=\"ONG Ethiopie Children in the Cloud - Massif du Simien - construction de l&#039;\u00e9cole de Sona. photo soir\u00e9e de Gala SHMS Ecole h\u00f4teli\u00e8re de Caux - Montreux.\" data-attachment-id=\"2049\" data-type=\"image\" class=\"fg-thumb\"><span class=\"fg-image-wrap\"><img decoding=\"async\" alt=\"Gala SHMS Ecole h\u00f4teli\u00e8re de Caux - Montreux.\" title=\"NGO \u00c4thiopien Children in the Cloud - Massiv des Simien - Bau der Schule in Sona. Foto Galaabend SHMS Ecole h\u00f4teli\u00e8re de Caux - Montreux.\" width=\"150\" height=\"150\" class=\"skip-lazy fg-image\" data-src-fg=\"https:\/\/childreninthecloud.org\/wp-content\/uploads\/cache\/2019\/12\/banquet109-103\/1863373613.jpg\" src=\"data:image\/svg+xml,%3Csvg%20xmlns%3D%22http%3A%2F%2Fwww.w3.org%2F2000%2Fsvg%22%20width%3D%22150%22%20height%3D%22150%22%20viewBox%3D%220%200%20150%20150%22%3E%3C%2Fsvg%3E\" loading=\"eager\"><\/span><span class=\"fg-image-overlay\"><\/span><\/a><figcaption class=\"fg-caption\"><div class=\"fg-caption-inner\"><div class=\"fg-caption-title\">NGO \u00c4thiopien Children in the Cloud - Massif du Simien - Bau der Schule von Sona. Foto Galaabend SHMS Ecole h\u00f4teli\u00e8re de Caux - Montreux.<\/div><div class=\"fg-caption-desc\">NGO \u00c4thiopien Children in the Cloud - Massif du Simien - Bau der Schule von Sona. Foto Galaabend SHMS Ecole h\u00f4teli\u00e8re de Caux - Montreux.<\/div><\/div><\/figcaption><\/figure><div class=\"fg-loader\"><\/div><\/div><div class=\"fg-item fg-type-image fg-idle\"><figure class=\"fg-item-inner\"><a href=\"https:\/\/childreninthecloud.org\/wp-content\/uploads\/2019\/12\/banquet-48.jpg\" data-caption-title=\"ONG Ethiopie Children in the Cloud - Massif du Simien - construction de l&#039;\u00e9cole de Sona. photo soir\u00e9e de Gala SHMS Ecole h\u00f4teli\u00e8re de Caux - Montreux.\" data-caption-desc=\"ONG Ethiopie Children in the Cloud - Massif du Simien - construction de l&#039;\u00e9cole de Sona. photo soir\u00e9e de Gala SHMS Ecole h\u00f4teli\u00e8re de Caux - Montreux.\" data-attachment-id=\"2051\" data-type=\"image\" class=\"fg-thumb\"><span class=\"fg-image-wrap\"><img decoding=\"async\" alt=\"Gala SHMS Ecole h\u00f4teli\u00e8re de Caux - Montreux.\" title=\"NGO \u00c4thiopien Children in the Cloud - Massiv des Simien - Bau der Schule in Sona. Foto Galaabend SHMS Ecole h\u00f4teli\u00e8re de Caux - Montreux.\" width=\"150\" height=\"150\" class=\"skip-lazy fg-image\" data-src-fg=\"https:\/\/childreninthecloud.org\/wp-content\/uploads\/cache\/2019\/12\/banquet-48\/1491483310.jpg\" src=\"data:image\/svg+xml,%3Csvg%20xmlns%3D%22http%3A%2F%2Fwww.w3.org%2F2000%2Fsvg%22%20width%3D%22150%22%20height%3D%22150%22%20viewBox%3D%220%200%20150%20150%22%3E%3C%2Fsvg%3E\" loading=\"eager\"><\/span><span class=\"fg-image-overlay\"><\/span><\/a><figcaption class=\"fg-caption\"><div class=\"fg-caption-inner\"><div class=\"fg-caption-title\">NGO \u00c4thiopien Children in the Cloud - Massif du Simien - Bau der Schule von Sona. Foto Galaabend SHMS Ecole h\u00f4teli\u00e8re de Caux - Montreux.<\/div><div class=\"fg-caption-desc\">NGO \u00c4thiopien Children in the Cloud - Massif du Simien - Bau der Schule von Sona. Foto Galaabend SHMS Ecole h\u00f4teli\u00e8re de Caux - Montreux.<\/div><\/div><\/figcaption><\/figure><div class=\"fg-loader\"><\/div><\/div><div class=\"fg-item fg-type-image fg-idle\"><figure class=\"fg-item-inner\"><a href=\"https:\/\/childreninthecloud.org\/wp-content\/uploads\/2019\/12\/banquet-41.jpg\" data-caption-title=\"ONG Ethiopie Children in the Cloud - Massif du Simien - construction de l&#039;\u00e9cole de Sona. photo soir\u00e9e de Gala SHMS Ecole h\u00f4teli\u00e8re de Caux - Montreux.\" data-caption-desc=\"ONG Ethiopie Children in the Cloud - Massif du Simien - construction de l&#039;\u00e9cole de Sona. photo soir\u00e9e de Gala SHMS Ecole h\u00f4teli\u00e8re de Caux - Montreux.\" data-attachment-id=\"2052\" data-type=\"image\" class=\"fg-thumb\"><span class=\"fg-image-wrap\"><img decoding=\"async\" alt=\"Gala SHMS Ecole h\u00f4teli\u00e8re de Caux - Montreux.\" title=\"NGO \u00c4thiopien Children in the Cloud - Massiv des Simien - Bau der Schule in Sona. Foto Galaabend SHMS Ecole h\u00f4teli\u00e8re de Caux - Montreux.\" width=\"150\" height=\"150\" class=\"skip-lazy fg-image\" data-src-fg=\"https:\/\/childreninthecloud.org\/wp-content\/uploads\/cache\/2019\/12\/banquet-41\/871581321.jpg\" src=\"data:image\/svg+xml,%3Csvg%20xmlns%3D%22http%3A%2F%2Fwww.w3.org%2F2000%2Fsvg%22%20width%3D%22150%22%20height%3D%22150%22%20viewBox%3D%220%200%20150%20150%22%3E%3C%2Fsvg%3E\" loading=\"eager\"><\/span><span class=\"fg-image-overlay\"><\/span><\/a><figcaption class=\"fg-caption\"><div class=\"fg-caption-inner\"><div class=\"fg-caption-title\">NGO \u00c4thiopien Children in the Cloud - Massif du Simien - Bau der Schule von Sona. Foto Galaabend SHMS Ecole h\u00f4teli\u00e8re de Caux - Montreux.<\/div><div class=\"fg-caption-desc\">NGO \u00c4thiopien Children in the Cloud - Massif du Simien - Bau der Schule von Sona. Foto Galaabend SHMS Ecole h\u00f4teli\u00e8re de Caux - Montreux.<\/div><\/div><\/figcaption><\/figure><div class=\"fg-loader\"><\/div><\/div><div class=\"fg-item fg-type-image fg-idle\"><figure class=\"fg-item-inner\"><a href=\"https:\/\/childreninthecloud.org\/wp-content\/uploads\/2019\/12\/banquet-3.jpg\" data-caption-title=\"ONG Ethiopie Children in the Cloud - Massif du Simien - construction de l&#039;\u00e9cole de Sona. photo soir\u00e9e de Gala SHMS Ecole h\u00f4teli\u00e8re de Caux - Montreux.\" data-caption-desc=\"ONG Ethiopie Children in the Cloud - Massif du Simien - construction de l&#039;\u00e9cole de Sona. photo soir\u00e9e de Gala SHMS Ecole h\u00f4teli\u00e8re de Caux - Montreux.\" data-attachment-id=\"2053\" data-type=\"image\" class=\"fg-thumb\"><span class=\"fg-image-wrap\"><img decoding=\"async\" alt=\"Gala SHMS Ecole h\u00f4teli\u00e8re de Caux - Montreux.\" title=\"NGO \u00c4thiopien Children in the Cloud - Massiv des Simien - Bau der Schule in Sona. Foto Galaabend SHMS Ecole h\u00f4teli\u00e8re de Caux - Montreux.\" width=\"150\" height=\"150\" class=\"skip-lazy fg-image\" data-src-fg=\"https:\/\/childreninthecloud.org\/wp-content\/uploads\/cache\/2019\/12\/banquet-3\/3820049314.jpg\" src=\"data:image\/svg+xml,%3Csvg%20xmlns%3D%22http%3A%2F%2Fwww.w3.org%2F2000%2Fsvg%22%20width%3D%22150%22%20height%3D%22150%22%20viewBox%3D%220%200%20150%20150%22%3E%3C%2Fsvg%3E\" loading=\"eager\"><\/span><span class=\"fg-image-overlay\"><\/span><\/a><figcaption class=\"fg-caption\"><div class=\"fg-caption-inner\"><div class=\"fg-caption-title\">NGO \u00c4thiopien Children in the Cloud - Massif du Simien - Bau der Schule von Sona. Foto Galaabend SHMS Ecole h\u00f4teli\u00e8re de Caux - Montreux.<\/div><div class=\"fg-caption-desc\">NGO \u00c4thiopien Children in the Cloud - Massif du Simien - Bau der Schule von Sona. Foto Galaabend SHMS Ecole h\u00f4teli\u00e8re de Caux - Montreux.<\/div><\/div><\/figcaption><\/figure><div class=\"fg-loader\"><\/div><\/div><\/div>","protected":false},"excerpt":{"rendered":"<p>Am Samstag, den 7. Dezember, fand im Palace de Caux auf Einladung der renommierten Montreuxer Hotelschule SHMS unser Charity-Galaabend statt. 150 G\u00e4ste waren anwesend und konnten mit uns 4 Jahre Arbeit im Dienste der Kinder und Familien von Simiens feiern, und insbesondere die k\u00fcrzliche Einweihung der Geb\u00e4ude der ersten Phase. <\/p>","protected":false},"author":1,"featured_media":2051,"comment_status":"closed","ping_status":"closed","sticky":false,"template":"","format":"standard","meta":{"wds_primary_category":0,"footnotes":""},"categories":[3],"tags":[],"class_list":["post-2030","post","type-post","status-publish","format-standard","has-post-thumbnail","hentry","category-vie-de-la-fondation","latest_post"],"_links":{"self":[{"href":"https:\/\/childreninthecloud.org\/de\/wp-json\/wp\/v2\/posts\/2030","targetHints":{"allow":["GET"]}}],"collection":[{"href":"https:\/\/childreninthecloud.org\/de\/wp-json\/wp\/v2\/posts"}],"about":[{"href":"https:\/\/childreninthecloud.org\/de\/wp-json\/wp\/v2\/types\/post"}],"author":[{"embeddable":true,"href":"https:\/\/childreninthecloud.org\/de\/wp-json\/wp\/v2\/users\/1"}],"replies":[{"embeddable":true,"href":"https:\/\/childreninthecloud.org\/de\/wp-json\/wp\/v2\/comments?post=2030"}],"version-history":[{"count":1,"href":"https:\/\/childreninthecloud.org\/de\/wp-json\/wp\/v2\/posts\/2030\/revisions"}],"predecessor-version":[{"id":8214,"href":"https:\/\/childreninthecloud.org\/de\/wp-json\/wp\/v2\/posts\/2030\/revisions\/8214"}],"wp:featuredmedia":[{"embeddable":true,"href":"https:\/\/childreninthecloud.org\/de\/wp-json\/wp\/v2\/media\/2051"}],"wp:attachment":[{"href":"https:\/\/childreninthecloud.org\/de\/wp-json\/wp\/v2\/media?parent=2030"}],"wp:term":[{"taxonomy":"category","embeddable":true,"href":"https:\/\/childreninthecloud.org\/de\/wp-json\/wp\/v2\/categories?post=2030"},{"taxonomy":"post_tag","embeddable":true,"href":"https:\/\/childreninthecloud.org\/de\/wp-json\/wp\/v2\/tags?post=2030"}],"curies":[{"name":"wp","href":"https:\/\/api.w.org\/{rel}","templated":true}]}}