{"id":21,"date":"2016-08-30T15:01:00","date_gmt":"2016-08-30T14:01:00","guid":{"rendered":"http:\/\/childreninthecloud.org\/?p=21"},"modified":"2018-02-01T11:09:47","modified_gmt":"2018-02-01T10:09:47","slug":"stiftungsrat-vom-26-august-2016","status":"publish","type":"post","link":"https:\/\/childreninthecloud.org\/de\/conseil-de-fondation-du-26-aout-2016\/","title":{"rendered":"Stiftungsrat vom 26. August 2016"},"content":{"rendered":"<h2><strong>Protokoll der Vorstandssitzung vom 26. August 2016<\/strong><\/h2>\n<hr \/>\n<p><strong>Tagesordnung<\/strong><br \/>\n- Zuordnung der Funktionen des Stiftungsrates<br \/>\n- Akzeptanz der internen Regelungen<\/p>\n<hr \/>\n<p><em> Die Sitzung beginnt um 13:00 Uhr am 26. August 2016<\/em><br \/>\n- Der Stiftungsrat ist im Plenum, wir k\u00f6nnen also mit der Sitzung beginnen.<br \/>\n- Eric Collet informiert den Stiftungsrat dar\u00fcber, dass die Stiftung im<br \/>\nCommerce du Canton de Vaud vom 11. Juli 2016<br \/>\n- Vereinbarungsgem\u00e4\u00df ist die Verteilung der Aufgaben wie folgt:<br \/>\no Pr\u00e4sident Eric Collet<br \/>\no Stellvertretender Vorsitzender Herv\u00e9 Doulat<br \/>\no Schatzmeisterin Christine Collet<br \/>\no Sekret\u00e4rin Chryst\u00e8le Doulat<br \/>\n- Eric Collet verlas das interne Reglement, das an den Verwaltungsrat verteilt worden war.<br \/>\nEs wurde vereinbart, dass der Stiftungsrat notwendige \u00c4nderungen der Stiftungssatzung im Vorfeld vornehmen kann. Es wird akzeptiert bei<br \/>\nEinstimmig.<br \/>\n- Eric Collet informiert, dass der von Herv\u00e9 bei Sona gedrehte Film zur Unterst\u00fctzung unserer Aktion<br \/>\nauf der FIFAD pr\u00e4sentiert und die Aufmerksamkeit von JP Rapp erregt. Eric wird ein Treffen im Fr\u00fchjahr organisieren<br \/>\nSeptember mit Herv\u00e9 und Jean Philippe, um \u00fcber einen Film \u00fcber die Bauernschaft von<br \/>\nBerg im Simien f\u00fcr den Wettbewerb 2017 in Les Diabler\u00eats, bei unserem n\u00e4chsten<br \/>\nReise<br \/>\n- Die n\u00e4chste Reise ist f\u00fcr den 8. bis 23. Oktober geplant, um die Basis f\u00fcr das Projekt mit<br \/>\nlokale Akteure, z. B. Mesay, unser Koordinator.<br \/>\n- Der Pr\u00e4sident informiert die Mitglieder \u00fcber die Annahme der Steuerbefreiung sowie \u00fcber die<br \/>\nFreigabe der Stiftung durch die Bundesaufsichtsbeh\u00f6rde f\u00fcr das Stiftungswesen.<br \/>\n- Kein individueller Vorschlag<br \/>\n<em> Die Sitzung wurde um 15:00 Uhr geschlossen.<\/em><\/p>","protected":false},"excerpt":{"rendered":"<p>Protokoll der Stiftungsratssitzung vom 26. August 2016 Tagesordnung - Verteilung der Stiftungsratsfunktionen - Annahme der Gesch\u00e4ftsordnung Die Sitzung begann am 26. August 2016 um 13:00 Uhr - Der Stiftungsrat befindet sich im Plenum, so dass die Sitzung beginnen kann. - Eric Collet informierte den Stiftungsrat, dass ... <\/p>","protected":false},"author":1,"featured_media":5,"comment_status":"closed","ping_status":"closed","sticky":false,"template":"","format":"standard","meta":{"wds_primary_category":0,"footnotes":""},"categories":[3],"tags":[],"class_list":["post-21","post","type-post","status-publish","format-standard","has-post-thumbnail","hentry","category-vie-de-la-fondation","latest_post"],"_links":{"self":[{"href":"https:\/\/childreninthecloud.org\/de\/wp-json\/wp\/v2\/posts\/21","targetHints":{"allow":["GET"]}}],"collection":[{"href":"https:\/\/childreninthecloud.org\/de\/wp-json\/wp\/v2\/posts"}],"about":[{"href":"https:\/\/childreninthecloud.org\/de\/wp-json\/wp\/v2\/types\/post"}],"author":[{"embeddable":true,"href":"https:\/\/childreninthecloud.org\/de\/wp-json\/wp\/v2\/users\/1"}],"replies":[{"embeddable":true,"href":"https:\/\/childreninthecloud.org\/de\/wp-json\/wp\/v2\/comments?post=21"}],"version-history":[{"count":0,"href":"https:\/\/childreninthecloud.org\/de\/wp-json\/wp\/v2\/posts\/21\/revisions"}],"wp:featuredmedia":[{"embeddable":true,"href":"https:\/\/childreninthecloud.org\/de\/wp-json\/wp\/v2\/media\/5"}],"wp:attachment":[{"href":"https:\/\/childreninthecloud.org\/de\/wp-json\/wp\/v2\/media?parent=21"}],"wp:term":[{"taxonomy":"category","embeddable":true,"href":"https:\/\/childreninthecloud.org\/de\/wp-json\/wp\/v2\/categories?post=21"},{"taxonomy":"post_tag","embeddable":true,"href":"https:\/\/childreninthecloud.org\/de\/wp-json\/wp\/v2\/tags?post=21"}],"curies":[{"name":"wp","href":"https:\/\/api.w.org\/{rel}","templated":true}]}}