{"id":4312,"date":"2019-10-24T15:40:00","date_gmt":"2019-10-24T14:40:00","guid":{"rendered":"https:\/\/childreninthecloud.org\/?p=4312"},"modified":"2021-06-24T08:55:16","modified_gmt":"2021-06-24T06:55:16","slug":"schule-massiv-simian-athiopien","status":"publish","type":"post","link":"https:\/\/childreninthecloud.org\/de\/ecole-massif-simien-ethiopie\/","title":{"rendered":"Sona, eine Schule im Simien-Gebiet (\u00c4thiopien)"},"content":{"rendered":"<p><em>Auszug aus der Erz\u00e4hlung \"Seyssinet-Pariset\/Addis-Abeba - November 2015- Juli 2020 - Petites chroniques chaotiques d'engagements divers\" (Seyssinet-Pariset\/Addis-Abeba - November 2015- Juli 2020 - Kleine chaotische Chroniken verschiedener Engagements) von Herv\u00e9 Doulat. Die gesamte Erz\u00e4hlung ist <a href=\"https:\/\/fr.calameo.com\/read\/0062618744b3923cf3c13\" target=\"_blank\" rel=\"noreferrer noopener\">online lesbar<\/a>. Sehen Sie sich die Geschichte unserer Stiftung als Video in diesem <a href=\"https:\/\/childreninthecloud.org\/de\/projekt-in-video\/\" target=\"_blank\" rel=\"noreferrer noopener\">Artikel<\/a>. <\/em><\/p>\n\n\n\n<h2 class=\"wp-block-heading\" id=\"h-premiers-pas-sona\">Erste Schritte bei Sona<\/h2>\n\n\n\n<p>Die ehemalige Schule von Sona besteht aus drei U-f\u00f6rmigen Geb\u00e4uden. Aus Lehm gebaut, ohne Fenster, ohne M\u00f6bel, mit einem Dreckboden, drohen sie einzust\u00fcrzen. Aber es existiert und die Bewohner sind sehr stolz darauf! 400 Kinder im Alter zwischen 6 und 14 Jahren besuchen t\u00e4glich die Schule.<\/p>\n\n\n\n<p>In \u00c4thiopien, wie auch in vielen L\u00e4ndern wie Frankreich und der Schweiz, bezahlt das nationale Bildungssystem die Lehrer, w\u00e4hrend die Gemeinde das Land und die Geb\u00e4ude zur Verf\u00fcgung stellen muss. In l\u00e4ndlichen Berggemeinden wie Sona, die besonders arm sind, ist der Aufwand erheblich, enorm. Oft ist sie un\u00fcberwindbar und die gro\u00dfe Mehrheit der Kinder in Simien geht schlicht und einfach nicht zur Schule.<\/p>\n\n\n\n<p>Geographisch gesehen besteht die Gemeinde Sona, wie der Blick vom Imet Gogo zeigt, den ich vorhin erw\u00e4hnt habe, aus einer Konstellation von Weilern, echten Familienzentren von 3 oder 4 H\u00fctten. 8.000 Einwohner sollen auf dem Plateau von Sona leben, aber es gibt keine Beweise, die die Richtigkeit dieser Zahl best\u00e4tigen... Es gibt also kein Stadt- oder Dorfzentrum, kein Dorf, in dem sich Dienstleistungen, Gesch\u00e4fte, Kirche... konzentrieren, streng genommen.<\/p>\n\n\n\n<h2 class=\"wp-block-heading\" id=\"h-l-cole-sur-le-promontoire\">Die Schule auf der Landzunge <\/h2>\n\n\n\n<p>Die Schule und die beiden Kirchen sind abseits der H\u00e4user, mehr oder weniger in der Mitte der Hochebene, auf Vorspr\u00fcngen gebaut, um das Zusammenkommen der Sch\u00fcler oder der Gl\u00e4ubigen zu erleichtern. Anmerkung: Die Kirchen von Sona (orthodoxe Christen) wurden lange vor der Schule gebaut, deren \u00e4ltestes Geb\u00e4ude kaum f\u00fcnfzehn Jahre alt ist.<\/p>\n\n\n\n<figure class=\"wp-block-image size-large\"><img decoding=\"async\" width=\"1024\" height=\"767\" data-src=\"https:\/\/childreninthecloud.org\/wp-content\/uploads\/2021\/03\/drone-sona-0015-1024x767.jpg\" alt=\"sona simien schule \u00e4thiopien\" class=\"wp-image-4318 lazyload\" data-srcset=\"https:\/\/childreninthecloud.org\/wp-content\/uploads\/2021\/03\/drone-sona-0015-1024x767.jpg 1024w, https:\/\/childreninthecloud.org\/wp-content\/uploads\/2021\/03\/drone-sona-0015-300x225.jpg 300w, https:\/\/childreninthecloud.org\/wp-content\/uploads\/2021\/03\/drone-sona-0015-768x576.jpg 768w, https:\/\/childreninthecloud.org\/wp-content\/uploads\/2021\/03\/drone-sona-0015-1536x1151.jpg 1536w, https:\/\/childreninthecloud.org\/wp-content\/uploads\/2021\/03\/drone-sona-0015.jpg 2000w\" data-sizes=\"auto\" src=\"data:image\/svg+xml;base64,PHN2ZyB3aWR0aD0iMSIgaGVpZ2h0PSIxIiB4bWxucz0iaHR0cDovL3d3dy53My5vcmcvMjAwMC9zdmciPjwvc3ZnPg==\" style=\"--smush-placeholder-width: 1024px; --smush-placeholder-aspect-ratio: 1024\/767;\" data-original-sizes=\"(max-width: 1024px) 100vw, 1024px\" \/><figcaption>L'<em>alte schule von sona - simien \u00e4thiopien <\/em><\/figcaption><\/figure>\n\n\n\n<p>So treffen wir nach einem sehr langen Wandertag von Cheneck endlich auf unser K\u00fcchen- und Logistikteam, das das Biwak im Zentrum der Schule aufgebaut hat. Der Koch hat sein Werkzeug und seinen Proviant in einem der R\u00e4ume der Schule organisiert, w\u00e4hrend sein Assistent bereits die Zelte aufgebaut hat. Tats\u00e4chlich kommt das Logistikteam mit Hilfe von Maultieren und ihren Maultiertreibern ein paar Stunden vor uns an, um den Preis eines Gewaltmarsches und einiger geheimer Abk\u00fcrzungen. Wie immer werden wir mit einem wunderbaren Snack aus Tee und Kaffee, mit Keksen und ger\u00f6steten Getreidek\u00f6rnern begr\u00fc\u00dft.&nbsp;<\/p>\n\n\n\n<p>Mit den F\u00fc\u00dfen in der Luft und ohne Hemd waschen wir uns beim Essen. Melese, der Direktor der Schule, ist da und beobachtet uns. Er bespricht sich mit Daniel, der uns schlie\u00dflich vorstellt und uns das Programm des Abends ank\u00fcndigt, das ein wenig speziell ist. Daniel hat eine starke emotionale Beziehung zu den Menschen von Sona und hilft ihnen, wo er nur kann. Jedes Mal, wenn er mit einer Gruppe von Touristen kommt, nutzt er die Gelegenheit, sie f\u00fcr ein paar Stunden in das \u00e4thiopische Bildungssystem einzutauchen und ihnen die Schwierigkeiten dieser l\u00e4ndlichen Gemeinschaft bewusst zu machen.&nbsp;<\/p>\n\n\n\n<h2 class=\"wp-block-heading\" id=\"h-l-ducation-en-ethiopie-le-choc-culturel\">Bildung in \u00c4thiopien: Der Kulturschock<\/h2>\n\n\n\n<p>Die Entdeckung der Arbeitsbedingungen der Sch\u00fcler und ihrer Lehrer ist ein Schock. F\u00fcnfzig oder sechzig Studenten, eingepfercht in einen Raum von kaum 30 oder 40 Quadratmetern, die auf dem Boden oder auf Eukalyptusst\u00e4mmen sitzen, alle arbeiten im Halbdunkel, das kaum den Blick auf die Tafel zul\u00e4sst. Die gro\u00dfe Mehrheit der Sch\u00fcler hat nicht einmal ein Notizbuch und einen Stift und begn\u00fcgt sich damit, ihrem Lehrer zuzuh\u00f6ren. Das Blechdach, notd\u00fcrftig mit gespanntem Sackleinen isoliert, reflektiert bei Sonnenschein eine dr\u00fcckende Hitze. Und wenn es regnet, ist der L\u00e4rm infernalisch und die K\u00e4lte bei\u00dfend...<\/p>\n\n\n\n<figure class=\"wp-block-image size-large\"><img decoding=\"async\" width=\"1024\" height=\"682\" data-src=\"https:\/\/childreninthecloud.org\/wp-content\/uploads\/2021\/03\/Ethiopie-mai-2016-3003-1024x682.jpg\" alt=\"\" class=\"wp-image-4317 lazyload\" data-srcset=\"https:\/\/childreninthecloud.org\/wp-content\/uploads\/2021\/03\/Ethiopie-mai-2016-3003-1024x682.jpg 1024w, https:\/\/childreninthecloud.org\/wp-content\/uploads\/2021\/03\/Ethiopie-mai-2016-3003-300x200.jpg 300w, https:\/\/childreninthecloud.org\/wp-content\/uploads\/2021\/03\/Ethiopie-mai-2016-3003-768x512.jpg 768w, https:\/\/childreninthecloud.org\/wp-content\/uploads\/2021\/03\/Ethiopie-mai-2016-3003-1536x1024.jpg 1536w, https:\/\/childreninthecloud.org\/wp-content\/uploads\/2021\/03\/Ethiopie-mai-2016-3003.jpg 2000w\" data-sizes=\"auto\" src=\"data:image\/svg+xml;base64,PHN2ZyB3aWR0aD0iMSIgaGVpZ2h0PSIxIiB4bWxucz0iaHR0cDovL3d3dy53My5vcmcvMjAwMC9zdmciPjwvc3ZnPg==\" style=\"--smush-placeholder-width: 1024px; --smush-placeholder-aspect-ratio: 1024\/682;\" data-original-sizes=\"(max-width: 1024px) 100vw, 1024px\" \/><\/figure>\n\n\n\n<p>Auffallend ist auch die Entschlossenheit von Eltern und Lehrern, ihren Kindern die M\u00f6glichkeit zum Studium zu bieten. Das Bed\u00fcrfnis nach Bildung wird von allen Bewohnern von Sona geteilt, es ist der einzige Weg, den sie erkannt haben, um ihre Zukunft und die ihrer Kinder zu verbessern. Dieses hohe Bewusstsein der Bewohner von Sona und die damit verbundenen Anstrengungen verdienen Respekt in einem so rauen sozialen Umfeld, in dem Analphabetismus herrscht, die Kindersterblichkeit im Gegensatz zur Lebenserwartung sehr hoch ist und landwirtschaftliche Autarkie die Norm ist, mit allem, was sie an sozialer Br\u00fcchigkeit und Armut mit sich bringt.<\/p>\n\n\n\n<h2 class=\"wp-block-heading\" id=\"h-naissance-de-la-vocation-humanitaire\">Geburt der humanit\u00e4ren Berufung<\/h2>\n\n\n\n<p>Am Abend am Feuer erz\u00e4hlt Daniel seine Geschichte mit Sona zu Ende. Er schl\u00e4gt vor, dass wir zu einer Sammlung beitragen, was alle bereitwillig tun. Dank Daniels Sammlungen im Laufe der Jahre und seiner Besuche mit Wandergruppen konnte das dritte Geb\u00e4ude der Schule gebaut werden. Daniels Einsatz ist fantastisch, aber leider so unzureichend... Eric und ich sind gefesselt von Daniels Geschichte und seinem Epos, diese Schule Stein f\u00fcr Stein aufzubauen. Aber wir sind auch schockiert \u00fcber dieses Elend: Welch ein Unterschied in der Behandlung zwischen diesen Kindern des \u00e4thiopischen Hochlandes und unseren europ\u00e4ischen Kindern...<\/p>\n\n\n\n<p>Eric und ich haben entdeckt, dass wir etwas Neues gemeinsam haben: Wir sind emp\u00f6rt \u00fcber Ungerechtigkeit!<\/p>\n\n\n\n<h2 class=\"wp-block-heading\" id=\"h-histoire-de-la-fondation-2015-2019\">Geschichte der Stiftung 2015-2019<\/h2>\n\n\n\n<p>Hier ist das Video, das unsere humanit\u00e4re Reise zur\u00fcckverfolgt, die wie in diesem Artikel beschrieben begann.<\/p>\n\n\n\n<p><iframe width=\"560\" height=\"315\" data-src=\"https:\/\/www.youtube.com\/embed\/KlK4Tfm3cMs\" title=\"YouTube-Video-Player\" frameborder=\"0\" allow=\"accelerometer; autoplay; clipboard-write; encrypted-media; gyroscope; picture-in-picture\" allowfullscreen=\"\" src=\"data:image\/svg+xml;base64,PHN2ZyB3aWR0aD0iMSIgaGVpZ2h0PSIxIiB4bWxucz0iaHR0cDovL3d3dy53My5vcmcvMjAwMC9zdmciPjwvc3ZnPg==\" class=\"lazyload\" data-load-mode=\"1\"><\/iframe><\/p>\n\n\n\n<h2 class=\"wp-block-heading\" id=\"block-879c95e5-ebb1-4031-a533-b0142d7196e9\">Unterst\u00fctzen Sie unsere NGO<\/h2>\n\n\n\n<p id=\"block-19bf1e9a-8252-4053-9671-712c2a38d6ee\">Sie k\u00f6nnen uns unterst\u00fctzen, indem Sie unsere Aktion bekannt machen. Sie k\u00f6nnen auch, und zwar ganz einfach, aus der Schweiz oder einem anderen europ\u00e4ischen Land eine Spende t\u00e4tigen.<\/p>\n\n\n\n<p class=\"has-text-align-center\"><a class=\"maxbutton-1 maxbutton maxbutton-faites-un-don\" target=\"_blank\" rel=\"noopener\" href=\"https:\/\/childreninthecloud.org\/de\/humanitare-spende-athiopien\/\"><span class='mb-text' >EINE SPENDE MACHEN<\/span><\/a><\/p>","protected":false},"excerpt":{"rendered":"<p>Auszug aus der Erz\u00e4hlung \"Seyssinet-Pariset\/Addis-Abeba - November 2015- Juli 2020 - Petites chroniques chaotiques d'engagements divers\" (Seyssinet-Pariset\/Addis-Abeba - November 2015- Juli 2020 - Kleine chaotische Chroniken verschiedener Engagements) von Herv\u00e9 Doulat. Die gesamte Erz\u00e4hlung ist online lesbar. In diesem Artikel finden Sie die Geschichte unserer Stiftung als Video. Erste Schritte in Sona Die ehemalige Schule von Sona besteht aus drei Geb\u00e4uden, die in U-Form gebaut wurden. Sie sind aus Lehm gebaut, haben keine Fenster, keine M\u00f6bel und einen Lehmboden ... <\/p>","protected":false},"author":1,"featured_media":526,"comment_status":"closed","ping_status":"closed","sticky":false,"template":"","format":"standard","meta":{"wds_primary_category":0,"footnotes":""},"categories":[4],"tags":[],"class_list":["post-4312","post","type-post","status-publish","format-standard","has-post-thumbnail","hentry","category-infos-generales","latest_post"],"_links":{"self":[{"href":"https:\/\/childreninthecloud.org\/de\/wp-json\/wp\/v2\/posts\/4312","targetHints":{"allow":["GET"]}}],"collection":[{"href":"https:\/\/childreninthecloud.org\/de\/wp-json\/wp\/v2\/posts"}],"about":[{"href":"https:\/\/childreninthecloud.org\/de\/wp-json\/wp\/v2\/types\/post"}],"author":[{"embeddable":true,"href":"https:\/\/childreninthecloud.org\/de\/wp-json\/wp\/v2\/users\/1"}],"replies":[{"embeddable":true,"href":"https:\/\/childreninthecloud.org\/de\/wp-json\/wp\/v2\/comments?post=4312"}],"version-history":[{"count":0,"href":"https:\/\/childreninthecloud.org\/de\/wp-json\/wp\/v2\/posts\/4312\/revisions"}],"wp:featuredmedia":[{"embeddable":true,"href":"https:\/\/childreninthecloud.org\/de\/wp-json\/wp\/v2\/media\/526"}],"wp:attachment":[{"href":"https:\/\/childreninthecloud.org\/de\/wp-json\/wp\/v2\/media?parent=4312"}],"wp:term":[{"taxonomy":"category","embeddable":true,"href":"https:\/\/childreninthecloud.org\/de\/wp-json\/wp\/v2\/categories?post=4312"},{"taxonomy":"post_tag","embeddable":true,"href":"https:\/\/childreninthecloud.org\/de\/wp-json\/wp\/v2\/tags?post=4312"}],"curies":[{"name":"wp","href":"https:\/\/api.w.org\/{rel}","templated":true}]}}