{"id":1980,"date":"2019-10-19T16:52:23","date_gmt":"2019-10-19T15:52:23","guid":{"rendered":"http:\/\/childreninthecloud.org\/?p=1980"},"modified":"2025-05-26T17:40:03","modified_gmt":"2025-05-26T16:40:03","slug":"gala-and-fund-collection-session-at-school-hotel-rooms-montreux-december-7-2019","status":"publish","type":"post","link":"https:\/\/childreninthecloud.org\/en\/soiree-de-gala-et-de-collecte-de-fonds-a-lecole-hoteliere-de-caux-montreux-le-7-decembre-2019\/","title":{"rendered":"Gala and fundraising evening at the \u00c9cole h\u00f4teli\u00e8re de Caux - Montreux on 7 December 2019"},"content":{"rendered":"<p>The famous hotel school housed in the extraordinary <strong>Palace of Caux<\/strong> is making its facilities, students and budget available to charitable organizations to organize a fundraising gala. On December 7th, Children in the Cloud will benefit from this and already, our infinite gratitude goes to the<strong>SHMS<\/strong>I would like to thank all the members of the team, its students and teachers, in particular Mr. Nektarios LYKOPANTIS, who is in charge of the program.<\/p>\r\n\r\n\r\n\r\n<p>The evening will include a welcome drink and an African-inspired meal. The evening will be punctuated by entertainment, as well as a tombola, the proceeds of which will be donated in full to the Foundation. The entrance fee is set at CFH.-100 per person (500.-CHF for a table of 6), again entirely donated to the Foundation. The press and officials will also be present.<\/p>\r\n\r\n\r\n\r\n<p>Exhibitions of Christine Collet's paintings and photos will be on display. Activities are also planned, including a raffle with more than 4000 CHF of prizes!<\/p>\r\n\r\n\r\n\r\n<p>&nbsp;<\/p>\r\n\r\n\r\n\r\n<p>If you can't make it, talk to someone or <a href=\"https:\/\/childreninthecloud.org\/en\/humanitarian-donation-ethiopia\/\">make a donation<\/a> because the <strong><a href=\"https:\/\/childreninthecloud.org\/en\/report-of-our-trip-to-sona\/\">work is progressing rapidly<\/a><\/strong> !<\/p>\r\n\r\n\r\n\r\n<h2 class=\"wp-block-heading\">About the Children in the Cloud Foundation<\/h2>\r\n\r\n\r\n\r\n<p>In November 2015, Eric and Herv\u00e9 discovered Ethiopia and the Simien massif during a trek. Between enthusiasm and sensitivity, they were not going to return unscathed from this trip to the \"roof of Africa\". Less than 2 years later, a Foundation under Swiss law was born (Children in the Cloud Foundation - Montreux), fiscally approved throughout Europe and supported by the Municipality of Montreux. 3 years later, in October 2018, the work on the school begins! The first stage (water, sanitary facilities and classrooms for 400 children) is nearing completion.<\/p>","protected":false},"excerpt":{"rendered":"<p>The famous hotel school housed in the extraordinary Palace de Caux makes its facilities, its students and a budget available to charitable organizations to organize a fundraising gala. On December 7th, Children in the Cloud will benefit from it and already, our infinite gratitude goes to SHMS, its students and professors, in particular Mr ... <\/p>","protected":false},"author":1,"featured_media":1984,"comment_status":"closed","ping_status":"closed","sticky":false,"template":"","format":"standard","meta":{"wds_primary_category":0,"footnotes":""},"categories":[3],"tags":[],"class_list":["post-1980","post","type-post","status-publish","format-standard","has-post-thumbnail","hentry","category-vie-de-la-fondation","latest_post"],"_links":{"self":[{"href":"https:\/\/childreninthecloud.org\/en\/wp-json\/wp\/v2\/posts\/1980","targetHints":{"allow":["GET"]}}],"collection":[{"href":"https:\/\/childreninthecloud.org\/en\/wp-json\/wp\/v2\/posts"}],"about":[{"href":"https:\/\/childreninthecloud.org\/en\/wp-json\/wp\/v2\/types\/post"}],"author":[{"embeddable":true,"href":"https:\/\/childreninthecloud.org\/en\/wp-json\/wp\/v2\/users\/1"}],"replies":[{"embeddable":true,"href":"https:\/\/childreninthecloud.org\/en\/wp-json\/wp\/v2\/comments?post=1980"}],"version-history":[{"count":1,"href":"https:\/\/childreninthecloud.org\/en\/wp-json\/wp\/v2\/posts\/1980\/revisions"}],"predecessor-version":[{"id":8216,"href":"https:\/\/childreninthecloud.org\/en\/wp-json\/wp\/v2\/posts\/1980\/revisions\/8216"}],"wp:featuredmedia":[{"embeddable":true,"href":"https:\/\/childreninthecloud.org\/en\/wp-json\/wp\/v2\/media\/1984"}],"wp:attachment":[{"href":"https:\/\/childreninthecloud.org\/en\/wp-json\/wp\/v2\/media?parent=1980"}],"wp:term":[{"taxonomy":"category","embeddable":true,"href":"https:\/\/childreninthecloud.org\/en\/wp-json\/wp\/v2\/categories?post=1980"},{"taxonomy":"post_tag","embeddable":true,"href":"https:\/\/childreninthecloud.org\/en\/wp-json\/wp\/v2\/tags?post=1980"}],"curies":[{"name":"wp","href":"https:\/\/api.w.org\/{rel}","templated":true}]}}