{"id":1567,"date":"2019-04-19T10:12:55","date_gmt":"2019-04-19T09:12:55","guid":{"rendered":"http:\/\/childreninthecloud.org\/?p=1567"},"modified":"2021-05-15T18:46:41","modified_gmt":"2021-05-15T17:46:41","slug":"christine-martel-nueva-embajadora-de-la-fundacion-ninos-en-la-nube","status":"publish","type":"post","link":"https:\/\/childreninthecloud.org\/es\/christine-martel-nouvelle-ambassadrice-de-la-fondation-children-in-the-cloud\/","title":{"rendered":"Christine Martel, nueva embajadora de la Fundaci\u00f3n Children in the Cloud."},"content":{"rendered":"<p><img decoding=\"async\" class=\"alignleft size-medium wp-image-1568 lazyload\" data-src=\"https:\/\/childreninthecloud.org\/wp-content\/uploads\/2019\/04\/christine-Martel-254x300.png\" alt=\"\" width=\"254\" height=\"300\" data-srcset=\"https:\/\/childreninthecloud.org\/wp-content\/uploads\/2019\/04\/christine-Martel-254x300.png 254w, https:\/\/childreninthecloud.org\/wp-content\/uploads\/2019\/04\/christine-Martel-768x907.png 768w, https:\/\/childreninthecloud.org\/wp-content\/uploads\/2019\/04\/christine-Martel-867x1024.png 867w, https:\/\/childreninthecloud.org\/wp-content\/uploads\/2019\/04\/christine-Martel.png 1058w\" data-sizes=\"auto\" src=\"data:image\/svg+xml;base64,PHN2ZyB3aWR0aD0iMSIgaGVpZ2h0PSIxIiB4bWxucz0iaHR0cDovL3d3dy53My5vcmcvMjAwMC9zdmciPjwvc3ZnPg==\" style=\"--smush-placeholder-width: 254px; --smush-placeholder-aspect-ratio: 254\/300;\" data-original-sizes=\"(max-width: 254px) 100vw, 254px\" \/>Es un gran placer para nosotros presentarles\u00a0<strong>Christine Martel<\/strong>nuestro nuevo Embajador de la Fundaci\u00f3n\u00a0<strong>Children in the Cloud<\/strong>.<\/p>\n<p>Christine ha participado en las actividades de Children in the Cloud desde principios de 2017. Fue durante los intercambios con Eric, cofundador, cuando Christine decidi\u00f3 echar una mano a la Fundaci\u00f3n y apoyar en particular la recaudaci\u00f3n de fondos y la comunicaci\u00f3n. La b\u00fasqueda internacional de donantes permiti\u00f3 iniciar el proyecto a tiempo. A trav\u00e9s de intercambios con los fundadores, Christine tambi\u00e9n elabor\u00f3 los folletos de la Fundaci\u00f3n y su traducci\u00f3n a diferentes idiomas.<\/p>\n<p>\"\u00a0<em>Hazlo lo mejor que puedas<\/em>\u00a0\"La principal motivaci\u00f3n de Christine es ayudar a hacer del mundo un lugar mejor. Apasionada por el descubrimiento, el aprendizaje y los proyectos innovadores, Christine siente un profundo respeto y admiraci\u00f3n por la energ\u00eda y la dedicaci\u00f3n que los fundadores de Children in the Cloud han demostrado durante m\u00e1s de 3 a\u00f1os.<\/p>\n<p>Profesionalmente activa en el sector del caf\u00e9, el proyecto de apoyo a la educaci\u00f3n en Sona en Etiop\u00eda, cuna de la humanidad y conservatorio de la biodiversidad, ha resonado especialmente en el coraz\u00f3n de Christine. Su entusiasmo ha llegado tambi\u00e9n a sus hijos, que participan como voluntarios de vez en cuando en la labor de la Fundaci\u00f3n.<\/p>","protected":false},"excerpt":{"rendered":"<p>Es un gran placer presentarles a Christine Martel, nuestra nueva embajadora de la Fundaci\u00f3n Children in the Cloud. Christine ha participado en las actividades de Children in the Cloud desde principios de 2017. Fue durante las conversaciones con Eric, cofundador, cuando Christine decidi\u00f3 echar una mano a la Fundaci\u00f3n y apoyar en particular la recaudaci\u00f3n de fondos y ... <\/p>","protected":false},"author":1,"featured_media":1568,"comment_status":"closed","ping_status":"closed","sticky":false,"template":"","format":"standard","meta":{"wds_primary_category":0,"footnotes":""},"categories":[3],"tags":[],"class_list":["post-1567","post","type-post","status-publish","format-standard","has-post-thumbnail","hentry","category-vie-de-la-fondation","latest_post"],"_links":{"self":[{"href":"https:\/\/childreninthecloud.org\/es\/wp-json\/wp\/v2\/posts\/1567","targetHints":{"allow":["GET"]}}],"collection":[{"href":"https:\/\/childreninthecloud.org\/es\/wp-json\/wp\/v2\/posts"}],"about":[{"href":"https:\/\/childreninthecloud.org\/es\/wp-json\/wp\/v2\/types\/post"}],"author":[{"embeddable":true,"href":"https:\/\/childreninthecloud.org\/es\/wp-json\/wp\/v2\/users\/1"}],"replies":[{"embeddable":true,"href":"https:\/\/childreninthecloud.org\/es\/wp-json\/wp\/v2\/comments?post=1567"}],"version-history":[{"count":0,"href":"https:\/\/childreninthecloud.org\/es\/wp-json\/wp\/v2\/posts\/1567\/revisions"}],"wp:featuredmedia":[{"embeddable":true,"href":"https:\/\/childreninthecloud.org\/es\/wp-json\/wp\/v2\/media\/1568"}],"wp:attachment":[{"href":"https:\/\/childreninthecloud.org\/es\/wp-json\/wp\/v2\/media?parent=1567"}],"wp:term":[{"taxonomy":"category","embeddable":true,"href":"https:\/\/childreninthecloud.org\/es\/wp-json\/wp\/v2\/categories?post=1567"},{"taxonomy":"post_tag","embeddable":true,"href":"https:\/\/childreninthecloud.org\/es\/wp-json\/wp\/v2\/tags?post=1567"}],"curies":[{"name":"wp","href":"https:\/\/api.w.org\/{rel}","templated":true}]}}