{"id":1835,"date":"2019-07-03T17:18:34","date_gmt":"2019-07-03T16:18:34","guid":{"rendered":"http:\/\/childreninthecloud.org\/?p=1835"},"modified":"2025-05-26T17:44:00","modified_gmt":"2025-05-26T16:44:00","slug":"la-ciudad-de-montreux-refuerza-su-apoyo-a-nuestra-fundacion","status":"publish","type":"post","link":"https:\/\/childreninthecloud.org\/es\/la-ville-de-montreux-renforce-son-soutient-a-notre-fondation\/","title":{"rendered":"La ciudad de Montreux (VD) refuerza su apoyo a nuestra Fundaci\u00f3n"},"content":{"rendered":"<p>Montreux apoya a nuestra Fundaci\u00f3n \"\u00a0<em>Nadie es profeta en su propio pa\u00eds<\/em>\u00a0\"Afortunadamente, el adagio no siempre es cierto, y este es el caso de la <em><strong>Fundaci\u00f3n Children in the Cloud<\/strong><\/em>\u00a1para la mayor felicidad de los ni\u00f1os de Sona! Inscrita en el registro mercantil de <strong>Cant\u00f3n de Vaud<\/strong> el 6 de julio de 2016, la Fundaci\u00f3n est\u00e1 efectivamente domiciliada en <strong>Montreux<\/strong>. Desde entonces ha recibido el apoyo del <a href=\"https:\/\/www.montreux.ch\/accueil\"><strong>Municipio de Montreux<\/strong><\/a> para ayudar a poner en marcha el proyecto.<\/p>\r\n<p>Gracias a nuestros logros iniciales y, en particular, a la <strong>La construcci\u00f3n comenzar\u00e1 en octubre de 2018<\/strong> (v\u00e9ase nuestro \u00faltimo <a href=\"https:\/\/childreninthecloud.org\/es\/informe-de-nuestro-viaje-a-sona\/\">informe de viaje abril 2019<\/a>), renovamos nuestra solicitud de apoyo financiero al municipio. Nos complace recibir la carta que figura a continuaci\u00f3n, un refuerzo muy significativo del apoyo de la ciudad por un <strong>donaci\u00f3n de 10.000 CHF<\/strong> !<\/p>\r\n<p>En nombre de la Fundaci\u00f3n y de toda la poblaci\u00f3n de Sona, as\u00ed como de las autoridades locales, queremos dar nuestro m\u00e1s sincero agradecimiento al Ayuntamiento de Montreux por su sensibilidad hacia el proyecto y la fuerza de su apoyo.<\/p>\r\n<p><a href=\"https:\/\/childreninthecloud.org\/wp-content\/uploads\/2019\/07\/IMG_3740.jpg\"><img decoding=\"async\" class=\"aligncenter wp-image-1839 size-large lazyload\" data-src=\"https:\/\/childreninthecloud.org\/wp-content\/uploads\/2019\/07\/IMG_3740-e1562170641823-768x1024.jpg\" alt=\"\" width=\"730\" height=\"973\" data-srcset=\"https:\/\/childreninthecloud.org\/wp-content\/uploads\/2019\/07\/IMG_3740-e1562170641823-768x1024.jpg 768w, https:\/\/childreninthecloud.org\/wp-content\/uploads\/2019\/07\/IMG_3740-e1562170641823-225x300.jpg 225w\" data-sizes=\"auto\" src=\"data:image\/svg+xml;base64,PHN2ZyB3aWR0aD0iMSIgaGVpZ2h0PSIxIiB4bWxucz0iaHR0cDovL3d3dy53My5vcmcvMjAwMC9zdmciPjwvc3ZnPg==\" style=\"--smush-placeholder-width: 730px; --smush-placeholder-aspect-ratio: 730\/973;\" data-original-sizes=\"(max-width: 730px) 100vw, 730px\" \/><\/a><\/p>\r\n\r\n<h2 id=\"h-une-fondation-ancr-e-en-suisse-vaudoise\" class=\"wp-block-heading\">\u00a1Una Fundaci\u00f3n anclada en el Cant\u00f3n de Vaud!<\/h2>\r\n\r\n\r\n\r\n<p>Nuestra Fundaci\u00f3n est\u00e1 anclada en la cultura del Cant\u00f3n de Vaud y de Montreux en particular. Adem\u00e1s, el municipio de Montreux ha renovado su apoyo a\u00f1o tras a\u00f1o e incluso lo ha aumentado en 2020. 60% de los recursos de la Fundaci\u00f3n provienen de Suiza y, en particular, del Cant\u00f3n de Vaud y de Ginebra.<\/p>\r\n\r\n\r\n\r\n<h2 id=\"h-vous-aussi-faites-un-don\" class=\"wp-block-heading\">T\u00fa tambi\u00e9n puedes hacer una donaci\u00f3n.<\/h2>\r\n\r\n\r\n\r\n<p>La mayor\u00eda de nuestros recursos proceden de fundaciones y particulares donantes. \u00a1T\u00fa tambi\u00e9n puedes apoyarnos para construir la escuela de Sona en Etiop\u00eda!<\/p>\r\n\r\n\r\n\r\n<p class=\"has-text-align-center\"><a class=\"maxbutton-1 maxbutton maxbutton-faites-un-don\" target=\"_blank\" rel=\"noopener\" href=\"https:\/\/childreninthecloud.org\/es\/donacion-humanitaria-etiopia\/\"><span class='mb-text' >HAZ UNA DONACI\u00d3N<\/span><\/a><\/p>","protected":false},"excerpt":{"rendered":"<p>\u00a1Montreux apoya a nuestra Fundaci\u00f3n! \"Nadie es profeta en su tierra\" dicen... Afortunadamente, el adagio no siempre se cumple, y ese es el caso de la Fundaci\u00f3n Children in the Cloud, \u00a1para gran alegr\u00eda de los ni\u00f1os de Sona! Inscrita en el registro mercantil del cant\u00f3n de Vaud el 6 de julio de 2016, la Fundaci\u00f3n tiene su domicilio ... <\/p>","protected":false},"author":1,"featured_media":1840,"comment_status":"closed","ping_status":"closed","sticky":false,"template":"","format":"standard","meta":{"wds_primary_category":0,"footnotes":""},"categories":[3],"tags":[],"class_list":["post-1835","post","type-post","status-publish","format-standard","has-post-thumbnail","hentry","category-vie-de-la-fondation","latest_post"],"_links":{"self":[{"href":"https:\/\/childreninthecloud.org\/es\/wp-json\/wp\/v2\/posts\/1835","targetHints":{"allow":["GET"]}}],"collection":[{"href":"https:\/\/childreninthecloud.org\/es\/wp-json\/wp\/v2\/posts"}],"about":[{"href":"https:\/\/childreninthecloud.org\/es\/wp-json\/wp\/v2\/types\/post"}],"author":[{"embeddable":true,"href":"https:\/\/childreninthecloud.org\/es\/wp-json\/wp\/v2\/users\/1"}],"replies":[{"embeddable":true,"href":"https:\/\/childreninthecloud.org\/es\/wp-json\/wp\/v2\/comments?post=1835"}],"version-history":[{"count":1,"href":"https:\/\/childreninthecloud.org\/es\/wp-json\/wp\/v2\/posts\/1835\/revisions"}],"predecessor-version":[{"id":8218,"href":"https:\/\/childreninthecloud.org\/es\/wp-json\/wp\/v2\/posts\/1835\/revisions\/8218"}],"wp:featuredmedia":[{"embeddable":true,"href":"https:\/\/childreninthecloud.org\/es\/wp-json\/wp\/v2\/media\/1840"}],"wp:attachment":[{"href":"https:\/\/childreninthecloud.org\/es\/wp-json\/wp\/v2\/media?parent=1835"}],"wp:term":[{"taxonomy":"category","embeddable":true,"href":"https:\/\/childreninthecloud.org\/es\/wp-json\/wp\/v2\/categories?post=1835"},{"taxonomy":"post_tag","embeddable":true,"href":"https:\/\/childreninthecloud.org\/es\/wp-json\/wp\/v2\/tags?post=1835"}],"curies":[{"name":"wp","href":"https:\/\/api.w.org\/{rel}","templated":true}]}}