{"id":1980,"date":"2019-10-19T16:52:23","date_gmt":"2019-10-19T15:52:23","guid":{"rendered":"http:\/\/childreninthecloud.org\/?p=1980"},"modified":"2025-05-26T17:40:03","modified_gmt":"2025-05-26T16:40:03","slug":"velada-de-gala-para-recaudar-fondos-en-la-escuela-hotelera-de-caux-montreux-el-7-de-diciembre-de-2019","status":"publish","type":"post","link":"https:\/\/childreninthecloud.org\/es\/soiree-de-gala-et-de-collecte-de-fonds-a-lecole-hoteliere-de-caux-montreux-le-7-decembre-2019\/","title":{"rendered":"Velada de gala y recaudaci\u00f3n de fondos en la \u00c9cole h\u00f4teli\u00e8re de Caux - Montreux el 7 de diciembre de 2019"},"content":{"rendered":"<p>La famosa escuela de hosteler\u00eda alojada en el extraordinario <strong>Palacio de Caux<\/strong> pone sus instalaciones, sus estudiantes y su presupuesto a disposici\u00f3n de las organizaciones ben\u00e9ficas para organizar una gala de recaudaci\u00f3n de fondos. El 7 de diciembre, Children in the Cloud se beneficiar\u00e1 de ello y desde ya, nuestra infinita gratitud va al<strong>SHMS<\/strong>Me gustar\u00eda dar las gracias a todos los miembros del equipo, a sus alumnos y profesores, en particular al Sr. Nektarios LYKOPANTIS, responsable del programa.<\/p>\r\n\r\n\r\n\r\n<p>La velada incluir\u00e1 una bebida de bienvenida y una comida de inspiraci\u00f3n africana. La velada estar\u00e1 amenizada con espect\u00e1culos y una t\u00f3mbola, cuya recaudaci\u00f3n se destinar\u00e1 \u00edntegramente a la Fundaci\u00f3n. El precio de la entrada es de 100 francos CFH por persona (500 francos CFH por una mesa de 6 personas), que tambi\u00e9n se donar\u00e1 \u00edntegramente a la Fundaci\u00f3n. La prensa y los funcionarios tambi\u00e9n estar\u00e1n presentes.<\/p>\r\n\r\n\r\n\r\n<p>Se expondr\u00e1n las pinturas y fotograf\u00edas de Christine Collet. Tambi\u00e9n se han previsto actividades, entre ellas una rifa con m\u00e1s de 4.000 CHF en premios.<\/p>\r\n\r\n\r\n\r\n<p>&nbsp;<\/p>\r\n\r\n\r\n\r\n<p>Si no puedes hacerlo, habla con alguien al respecto o <a href=\"https:\/\/childreninthecloud.org\/es\/donacion-humanitaria-etiopia\/\">hacer una donaci\u00f3n<\/a> porque el <strong><a href=\"https:\/\/childreninthecloud.org\/es\/informe-de-nuestro-viaje-a-sona\/\">los trabajos avanzan r\u00e1pidamente<\/a><\/strong> !<\/p>\r\n\r\n\r\n\r\n<h2 class=\"wp-block-heading\">Acerca de la Fundaci\u00f3n Children in the Cloud<\/h2>\r\n\r\n\r\n\r\n<p>En noviembre de 2015, Eric y Herv\u00e9 descubrieron Etiop\u00eda y el macizo Simien durante un trekking. Entre el entusiasmo y la sensibilidad, no iban a volver indemnes de este viaje al \"techo de \u00c1frica\". Menos de 2 a\u00f1os despu\u00e9s, naci\u00f3 una Fundaci\u00f3n de derecho suizo (Fundaci\u00f3n Ni\u00f1os en la Nube - Montreux), aprobada fiscalmente en toda Europa y apoyada por el Ayuntamiento de Montreux. 3 a\u00f1os despu\u00e9s, en octubre de 2018, \u00a1empiezan las obras del colegio! La primera fase (agua, instalaciones sanitarias y aulas para 400 ni\u00f1os) est\u00e1 a punto de finalizar.<\/p>","protected":false},"excerpt":{"rendered":"<p>La c\u00e9lebre escuela de hosteler\u00eda alojada en el extraordinario Palacio de Caux pone sus instalaciones, sus alumnos y su presupuesto a disposici\u00f3n de organizaciones ben\u00e9ficas para organizar una gala de recaudaci\u00f3n de fondos. El 7 de diciembre, ser\u00e1 Children in the Cloud quien se beneficie de ello y desde ya, nuestro infinito agradecimiento al SHMS, a sus alumnos y profesores, en particular al Sr. ... <\/p>","protected":false},"author":1,"featured_media":1984,"comment_status":"closed","ping_status":"closed","sticky":false,"template":"","format":"standard","meta":{"wds_primary_category":0,"footnotes":""},"categories":[3],"tags":[],"class_list":["post-1980","post","type-post","status-publish","format-standard","has-post-thumbnail","hentry","category-vie-de-la-fondation","latest_post"],"_links":{"self":[{"href":"https:\/\/childreninthecloud.org\/es\/wp-json\/wp\/v2\/posts\/1980","targetHints":{"allow":["GET"]}}],"collection":[{"href":"https:\/\/childreninthecloud.org\/es\/wp-json\/wp\/v2\/posts"}],"about":[{"href":"https:\/\/childreninthecloud.org\/es\/wp-json\/wp\/v2\/types\/post"}],"author":[{"embeddable":true,"href":"https:\/\/childreninthecloud.org\/es\/wp-json\/wp\/v2\/users\/1"}],"replies":[{"embeddable":true,"href":"https:\/\/childreninthecloud.org\/es\/wp-json\/wp\/v2\/comments?post=1980"}],"version-history":[{"count":1,"href":"https:\/\/childreninthecloud.org\/es\/wp-json\/wp\/v2\/posts\/1980\/revisions"}],"predecessor-version":[{"id":8216,"href":"https:\/\/childreninthecloud.org\/es\/wp-json\/wp\/v2\/posts\/1980\/revisions\/8216"}],"wp:featuredmedia":[{"embeddable":true,"href":"https:\/\/childreninthecloud.org\/es\/wp-json\/wp\/v2\/media\/1984"}],"wp:attachment":[{"href":"https:\/\/childreninthecloud.org\/es\/wp-json\/wp\/v2\/media?parent=1980"}],"wp:term":[{"taxonomy":"category","embeddable":true,"href":"https:\/\/childreninthecloud.org\/es\/wp-json\/wp\/v2\/categories?post=1980"},{"taxonomy":"post_tag","embeddable":true,"href":"https:\/\/childreninthecloud.org\/es\/wp-json\/wp\/v2\/tags?post=1980"}],"curies":[{"name":"wp","href":"https:\/\/api.w.org\/{rel}","templated":true}]}}