{"id":21,"date":"2016-08-30T15:01:00","date_gmt":"2016-08-30T14:01:00","guid":{"rendered":"http:\/\/childreninthecloud.org\/?p=21"},"modified":"2018-02-01T11:09:47","modified_gmt":"2018-02-01T10:09:47","slug":"reunion-del-patronato-de-la-fundacion-del-26-de-agosto-de-2016","status":"publish","type":"post","link":"https:\/\/childreninthecloud.org\/es\/conseil-de-fondation-du-26-aout-2016\/","title":{"rendered":"Consejo de la Fundaci\u00f3n del 26 de agosto de 2016"},"content":{"rendered":"<h2><strong>Acta de la reuni\u00f3n del Consejo de la Fundaci\u00f3n del 26 de agosto de 2016<\/strong><\/h2>\n<hr \/>\n<p><strong>Agenda<\/strong><br \/>\n- Asignaci\u00f3n de las funciones del Consejo de la Fundaci\u00f3n<br \/>\n- Aceptaci\u00f3n del reglamento interno<\/p>\n<hr \/>\n<p><em> La sesi\u00f3n comienza a las 13:00 horas del 26 de agosto de 2016<\/em><br \/>\n- El Consejo de Administraci\u00f3n est\u00e1 en pleno, as\u00ed que podemos empezar la reuni\u00f3n.<br \/>\n- Eric Collet informa al Consejo de la Fundaci\u00f3n que \u00e9sta est\u00e1 registrada en el<br \/>\nCommerce du Canton de Vaud de fecha 11 de julio de 2016<br \/>\n- Por acuerdo, el reparto de funciones es el siguiente:<br \/>\no Presidente Eric Collet<br \/>\no Vicepresidente Herv\u00e9 Doulat<br \/>\no Tesorera Christine Collet<br \/>\no Secretaria Chryst\u00e8le Doulat<br \/>\n- Eric Collet ley\u00f3 el reglamento interno que se hab\u00eda distribuido al Consejo de Administraci\u00f3n.<br \/>\nSe acord\u00f3 que el Consejo de Administraci\u00f3n podr\u00eda realizar los cambios necesarios en los estatutos de la Fundaci\u00f3n con antelaci\u00f3n. Se acepta en<br \/>\npor unanimidad.<br \/>\n- Eric Collet informa que la pel\u00edcula rodada en Sona por Herv\u00e9 para apoyar nuestra acci\u00f3n ha sido<br \/>\npresentado en la FIFAD y llam\u00f3 la atenci\u00f3n de JP Rapp. Eric organizar\u00e1 una reuni\u00f3n a principios de<br \/>\nseptiembre con Herv\u00e9 y Jean Philippe para hablar de una pel\u00edcula sobre el campesinado de<br \/>\nmonta\u00f1a en el Simien para la competici\u00f3n de 2017 en Les Diabler\u00eats, en nuestro pr\u00f3ximo<br \/>\nviaje<br \/>\n- El pr\u00f3ximo viaje est\u00e1 previsto del 8 al 23 de octubre para establecer la l\u00ednea de base del proyecto con<br \/>\nactores locales, por ejemplo, Mesay nuestro coordinador.<br \/>\n- El Presidente informar\u00e1 a los socios de la aceptaci\u00f3n de la exenci\u00f3n fiscal as\u00ed como de la<br \/>\nliberaci\u00f3n de la fundaci\u00f3n por parte del Consejo Federal de Supervisi\u00f3n de Fundaciones.<br \/>\n- Ninguna propuesta individual<br \/>\n<em> Se levanta la sesi\u00f3n a las 15:00 horas.<\/em><\/p>","protected":false},"excerpt":{"rendered":"<p>Acta de la reuni\u00f3n del Consejo de la Fundaci\u00f3n del 26 de agosto de 2016 Orden del d\u00eda - Asignaci\u00f3n de funciones del Consejo de la Fundaci\u00f3n - Aceptaci\u00f3n del reglamento interno La reuni\u00f3n comenz\u00f3 a las 13:00 horas del 26 de agosto de 2016 - El Consejo de la Fundaci\u00f3n se encuentra en pleno, por lo que la reuni\u00f3n puede comenzar. - Eric Collet inform\u00f3 al Consejo de la Fundaci\u00f3n que ... <\/p>","protected":false},"author":1,"featured_media":5,"comment_status":"closed","ping_status":"closed","sticky":false,"template":"","format":"standard","meta":{"wds_primary_category":0,"footnotes":""},"categories":[3],"tags":[],"class_list":["post-21","post","type-post","status-publish","format-standard","has-post-thumbnail","hentry","category-vie-de-la-fondation","latest_post"],"_links":{"self":[{"href":"https:\/\/childreninthecloud.org\/es\/wp-json\/wp\/v2\/posts\/21","targetHints":{"allow":["GET"]}}],"collection":[{"href":"https:\/\/childreninthecloud.org\/es\/wp-json\/wp\/v2\/posts"}],"about":[{"href":"https:\/\/childreninthecloud.org\/es\/wp-json\/wp\/v2\/types\/post"}],"author":[{"embeddable":true,"href":"https:\/\/childreninthecloud.org\/es\/wp-json\/wp\/v2\/users\/1"}],"replies":[{"embeddable":true,"href":"https:\/\/childreninthecloud.org\/es\/wp-json\/wp\/v2\/comments?post=21"}],"version-history":[{"count":0,"href":"https:\/\/childreninthecloud.org\/es\/wp-json\/wp\/v2\/posts\/21\/revisions"}],"wp:featuredmedia":[{"embeddable":true,"href":"https:\/\/childreninthecloud.org\/es\/wp-json\/wp\/v2\/media\/5"}],"wp:attachment":[{"href":"https:\/\/childreninthecloud.org\/es\/wp-json\/wp\/v2\/media?parent=21"}],"wp:term":[{"taxonomy":"category","embeddable":true,"href":"https:\/\/childreninthecloud.org\/es\/wp-json\/wp\/v2\/categories?post=21"},{"taxonomy":"post_tag","embeddable":true,"href":"https:\/\/childreninthecloud.org\/es\/wp-json\/wp\/v2\/tags?post=21"}],"curies":[{"name":"wp","href":"https:\/\/api.w.org\/{rel}","templated":true}]}}