{"id":4214,"date":"2019-03-08T16:53:00","date_gmt":"2019-03-08T15:53:00","guid":{"rendered":"https:\/\/childreninthecloud.org\/?p=4214"},"modified":"2021-03-08T16:55:12","modified_gmt":"2021-03-08T15:55:12","slug":"1628films-produccion-audiovisual","status":"publish","type":"post","link":"https:\/\/childreninthecloud.org\/es\/1628films-production-audiovisuelle\/","title":{"rendered":"1628films producci\u00f3n audiovisual"},"content":{"rendered":"<p>1628films es el socio de producci\u00f3n audiovisual de la Fundaci\u00f3n. 1628films es una empresa de producci\u00f3n de v\u00eddeo con sede en la regi\u00f3n de Grenoble. Herv\u00e9 Doulat, su director, es cofundador de Children in the Cloud con Eric Collet, a quien conoci\u00f3 durante un rodaje para Allibert Trekking. De hecho, Eric y Herv\u00e9 se conocieron durante un Trek en el Simien. Ambos se enamoraron de Etiop\u00eda y fueron sensibles a las inmensas necesidades de la poblaci\u00f3n local. <\/p>\n\n\n\n<p>Eric est\u00e1 jubilado de Nestl\u00e9 y Herv\u00e9 dirige una productora audiovisual.<\/p>\n\n\n\n<h2 class=\"wp-block-heading\" id=\"h-la-communication-avec-1628films\">Comunicaci\u00f3n con 1628films<\/h2>\n\n\n\n<p>La comunicaci\u00f3n, especialmente para la recaudaci\u00f3n de fondos y la presentaci\u00f3n de informes a los donantes, es de suma importancia. En este sentido, el papel de 1628films como socio y productor de contenidos fotogr\u00e1ficos y de v\u00eddeo es crucial. Las im\u00e1genes de calidad contribuyen a destacar las acciones de Children in the Cloud y a sensibilizar al p\u00fablico en general. Se han producido muchos v\u00eddeos, principalmente para las redes sociales, pero tambi\u00e9n para la televisi\u00f3n. Este es el caso del v\u00eddeo que informa sobre nuestro <a href=\"https:\/\/childreninthecloud.org\/es\/video-del-viaje-de-diciembre-de-2020\/\" target=\"_blank\" rel=\"noreferrer noopener\">\u00faltimo viaje en enero de 2021<\/a>. <\/p>\n\n\n\n<h2 class=\"wp-block-heading\" id=\"h-des-spots-de-pub-pour-la-tv\">Anuncios de televisi\u00f3n<\/h2>\n\n\n\n<p>Gracias a Goldbach Media Switzerland (\u00a1gracias, Ang\u00e9lica!), 1628films produjo anuncios de televisi\u00f3n que se emitieron gratuitamente en canales extranjeros franceses y alemanes en Suiza. Una gran oportunidad para dar a conocer la Fundaci\u00f3n. <\/p>\n\n\n\n<h2 class=\"wp-block-heading\" id=\"h-une-soci-t-de-grenoble\">Una empresa de Grenoble<\/h2>\n\n\n\n<p>Mientras que la Fundaci\u00f3n Children in the Cloud es suiza -registrada en Montreux, en el cant\u00f3n de Vaud-, 1628films es una empresa con sede en la regi\u00f3n de Grenoble, concretamente en Seyssinet-Pariset, a los pies del Vercors. <\/p>\n\n\n\n<h2 class=\"wp-block-heading\" id=\"h-site-web-1628films-production-audiovisuelle\">Sitio web 1628films producci\u00f3n audiovisual<\/h2>\n\n\n\n<p>1628films acaba de adquirir una magn\u00edfica <strong><a href=\"http:\/\/www.1628films.com\" target=\"_blank\" rel=\"noreferrer noopener\">nuevo sitio web<\/a><\/strong>que le invitamos a descubrir haciendo clic en el enlace anterior. <\/p>","protected":false},"excerpt":{"rendered":"<p>1628films es el socio de producci\u00f3n audiovisual de la Fundaci\u00f3n. <\/p>","protected":false},"author":1,"featured_media":4221,"comment_status":"closed","ping_status":"closed","sticky":false,"template":"","format":"standard","meta":{"wds_primary_category":0,"footnotes":""},"categories":[1],"tags":[],"class_list":["post-4214","post","type-post","status-publish","format-standard","has-post-thumbnail","hentry","category-non-classe","latest_post"],"_links":{"self":[{"href":"https:\/\/childreninthecloud.org\/es\/wp-json\/wp\/v2\/posts\/4214","targetHints":{"allow":["GET"]}}],"collection":[{"href":"https:\/\/childreninthecloud.org\/es\/wp-json\/wp\/v2\/posts"}],"about":[{"href":"https:\/\/childreninthecloud.org\/es\/wp-json\/wp\/v2\/types\/post"}],"author":[{"embeddable":true,"href":"https:\/\/childreninthecloud.org\/es\/wp-json\/wp\/v2\/users\/1"}],"replies":[{"embeddable":true,"href":"https:\/\/childreninthecloud.org\/es\/wp-json\/wp\/v2\/comments?post=4214"}],"version-history":[{"count":0,"href":"https:\/\/childreninthecloud.org\/es\/wp-json\/wp\/v2\/posts\/4214\/revisions"}],"wp:featuredmedia":[{"embeddable":true,"href":"https:\/\/childreninthecloud.org\/es\/wp-json\/wp\/v2\/media\/4221"}],"wp:attachment":[{"href":"https:\/\/childreninthecloud.org\/es\/wp-json\/wp\/v2\/media?parent=4214"}],"wp:term":[{"taxonomy":"category","embeddable":true,"href":"https:\/\/childreninthecloud.org\/es\/wp-json\/wp\/v2\/categories?post=4214"},{"taxonomy":"post_tag","embeddable":true,"href":"https:\/\/childreninthecloud.org\/es\/wp-json\/wp\/v2\/tags?post=4214"}],"curies":[{"name":"wp","href":"https:\/\/api.w.org\/{rel}","templated":true}]}}