{"id":5523,"date":"2021-09-04T09:01:51","date_gmt":"2021-09-04T07:01:51","guid":{"rendered":"https:\/\/childreninthecloud.org\/?p=5523"},"modified":"2025-06-04T15:30:51","modified_gmt":"2025-06-04T14:30:51","slug":"documental-simien-etiopia","status":"publish","type":"post","link":"https:\/\/childreninthecloud.org\/es\/documentaire-simien-ethiopie\/","title":{"rendered":"Documental sobre el Simien en Etiop\u00eda"},"content":{"rendered":"<p>En 2017, tras el cuarto de nuestros viajes a Simien en Etiop\u00eda como parte del proyecto de construcci\u00f3n de escuelas en Sona, Jean-Philippe Rapp, entonces director del Festival des Diablerets, nos anim\u00f3 a hacer una pel\u00edcula all\u00ed. Tras ver los v\u00eddeos de cada uno de nuestros viajes, Jean-Philippe Rapp nos propuso recopilarlos en un documental y completarlos con entrevistas a los lugare\u00f1os para centrar la pel\u00edcula en la vida cotidiana en el Simien. La perspectiva de presentar el Simien y nuestra incipiente Fundaci\u00f3n (en ese momento s\u00f3lo ten\u00eda un a\u00f1o de existencia) en el prestigioso e importante marco del FIFAD (Festival Internacional de Cine Alpino de Les Diablerets) nos entusiasm\u00f3.<\/p>\r\n\r\n\r\n\r\n<p>\u00a1La idea de hacer una pel\u00edcula basada en el estilo de vida de los habitantes de Simien tambi\u00e9n fue un gran reto! Nos pusimos manos a la obra y en verano de 2018 pudimos presentar la pel\u00edcula de 24 minutos al p\u00fablico en Les Diablerets. El hilo conductor que elegimos fueron los ni\u00f1os, algunos de los cuales van a la escuela pero no son muchos... Haci\u00e9ndonos eco del apodo del macizo del Simien, el \"techo de \u00c1frica\", llamamos al documental \"los ni\u00f1os del techo de \u00c1frica\".<\/p>\r\n\r\n\r\n\r\n<p>El documental sobre el Simien se ha proyectado muchas veces en festivales, proyecciones p\u00fablicas y en los famosos \"campamentos base\" de Allibert Trekking. Puede verlo aqu\u00ed.<\/p>\r\n\r\n\r\n\r\n<h2 class=\"wp-block-heading\" id=\"h-les-enfants-du-toit-de-l-afrique\">Ni\u00f1os en el tejado de \u00c1frica<\/h2>\r\n\r\n\r\n\r\n<p><iframe title=\"Reproductor de video de YouTube\" data-src=\"https:\/\/www.youtube.com\/embed\/xBEwWW6roCo\" width=\"560\" height=\"315\" frameborder=\"0\" allowfullscreen=\"allowfullscreen\" src=\"data:image\/svg+xml;base64,PHN2ZyB3aWR0aD0iMSIgaGVpZ2h0PSIxIiB4bWxucz0iaHR0cDovL3d3dy53My5vcmcvMjAwMC9zdmciPjwvc3ZnPg==\" class=\"lazyload\" data-load-mode=\"1\"><\/iframe><\/p>\r\n\r\n\r\n\r\n<h2 class=\"wp-block-heading\" id=\"h-aidez-nous\">Por favor, ay\u00fadenos.<\/h2>\r\n\r\n\r\n\r\n<p>Se han conseguido muchas cosas (v\u00e9ase el <a href=\"https:\/\/childreninthecloud.org\/es\/sona-la-batalla-por-el-agua\/\" target=\"_blank\" rel=\"noreferrer noopener\">video de nuestro \u00faltimo viaje<\/a> \u00a1) desde que se realiz\u00f3 este documental! Queda mucho por hacer, y si esta pel\u00edcula ha despertado su simpat\u00eda por estas personas y nuestra acci\u00f3n, \u00a1no dude en hacer una donaci\u00f3n (libre de impuestos)!<\/p>\r\n\r\n\r\n\r\n<h2 class=\"wp-block-heading\" id=\"h-synopsis\">Sinopsis<\/h2>\r\n\r\n\r\n\r\n<p>El macizo Simien, en el norte de Etiop\u00eda, es Patrimonio Mundial de la UNESCO. Con sus altas mesetas a m\u00e1s de 4.000 m de altitud, se le conoce como el \"Techo de \u00c1frica\". A pesar de las duras condiciones de vida y el aislamiento extremo, muchas personas viven en sus estribaciones.<\/p>\r\n\r\n\r\n\r\n<p>La gran mayor\u00eda de ellos son agricultores, que viven casi en autarqu\u00eda y en las condiciones de la Edad Media europea... Pero la belleza de los paisajes, la ausencia de enfermedades tropicales gracias a la altitud y las condiciones clim\u00e1ticas favorables han hecho que Simien sea habitable a pesar de la gran altitud. Cientos de excursionistas la recorren felizmente cada a\u00f1o, disfrutando de sus incre\u00edbles paisajes y de la orgullosa hospitalidad de sus gentes.\u00a0<\/p>\r\n\r\n\r\n\r\n<p>Pero para dos de ellos, el descubrimiento se convirti\u00f3 en una vocaci\u00f3n: ayudar a estas poblaciones, entre las m\u00e1s aisladas y necesitadas del mundo, construyendo una escuela.<\/p>\r\n\r\n\r\n\r\n<h2 class=\"wp-block-heading\" id=\"h-la-gen-se-du-documentaire-sur-l-ethiopie\">La g\u00e9nesis del documental sobre Etiop\u00eda<\/h2>\r\n\r\n\r\n\r\n<blockquote class=\"wp-block-quote is-layout-flow wp-block-quote-is-layout-flow\">\r\n<p><em>Extracto de la historia \"\u00a0<a href=\"https:\/\/fr.calameo.com\/read\/0062618744b3923cf3c13\" target=\"_blank\" rel=\"noreferrer noopener\">Seyssinet-Pariset\/Addis-Abeba<\/a> - Noviembre 2015- Julio 2020 - Peque\u00f1as cr\u00f3nicas ca\u00f3ticas de compromisos varios \"<\/em> por Herv\u00e9 Doulat.<\/p>\r\n<\/blockquote>\r\n\r\n\r\n\r\n<p class=\"has-drop-cap\">Viaje tras viaje, unos dos al a\u00f1o, voy acumulando v\u00eddeos sobre Etiop\u00eda en general y sobre el Simien en particular. En cada viaje tomamos las fotos y v\u00eddeos que nos permitir\u00e1n presentar el proyecto escolar de Sona.\u00a0<\/p>\r\n\r\n\r\n\r\n<p>En 2017 conocimos a Jean-Philippe Rapp, periodista jubilado y presentador de televisi\u00f3n, que preside el destino del famoso Festival International du Film Alpin des Diablerets (FIFAD). Interesado por nuestro proyecto y el entorno en el que se desarrollaba, nos propuso hacer un v\u00eddeo \"recopilatorio\" de todas las im\u00e1genes tomadas para realizar un documental sobre las comunidades que viven en Simien.\u00a0<\/p>\r\n\r\n\r\n\r\n<p>El objetivo no es hacer una pel\u00edcula para promocionar la Fundaci\u00f3n, sino presentar el modo de vida de los habitantes de las tierras altas de Etiop\u00eda, sus dificultades y sus esperanzas. Por supuesto, se menciona el proyecto de la escuela, pero el parteaguas ser\u00e1n los ni\u00f1os que asistan a ella, o no, ya que muchos de ellos tienen que trabajar en el campo en lugar de estudiar. El mensaje es a\u00fan m\u00e1s fuerte para la Fundaci\u00f3n y creemos que este trabajo est\u00e1 completamente justificado.<\/p>\r\n\r\n\r\n\r\n<p>De hecho, en cuanto estuvieron disponibles las primeras versiones, Allibert Trekking, que nos ha apoyado desde el principio, se ofreci\u00f3 a organizar proyecciones en distintas ciudades. Las llaman \"campamentos base\", que son veladas tem\u00e1ticas en las que se presenta un destino a trav\u00e9s de una pel\u00edcula, seguida de un coloquio. Por supuesto, estas veladas tienen una vocaci\u00f3n comercial, pero el objetivo es presentar contenidos y ofrecer un intercambio m\u00e1s rico que un simple intercambio comercial. Por eso, con Nicolas Manger, de Allibert Trekking, estamos planeando una serie de \"campamentos base\" en Par\u00eds, Lyon, Grenoble y Ginebra.\u00a0<\/p>\r\n\r\n\r\n\r\n<p>En resumen, de los Diablerets a los campamentos base, todas buenas razones para hacer esta pel\u00edcula, \u00a1porque estamos en los primeros d\u00edas de la Fundaci\u00f3n y toda oportunidad de darla a conocer es importante! Pero qu\u00e9 trabajo... He optado por un formato documental de 26 minutos porque es puramente descriptivo y no contiene ning\u00fan trabajo period\u00edstico en profundidad ni una narraci\u00f3n muy rica. La mayor parte del material ya estar\u00e1 rodado, y s\u00f3lo nos quedar\u00e1 un \u00faltimo viaje, en mayo de 2017, para completar las im\u00e1genes antes del Festival, que se celebrar\u00e1 en agosto.\u00a0<\/p>\r\n\r\n\r\n\r\n<p>As\u00ed que tengo que terminar el montaje en junio y julio, \u00a1que es el periodo de m\u00e1s trabajo para m\u00ed! En particular, tengo que escribir la voz en off que estructurar\u00e1 la pel\u00edcula. Es much\u00edsimo trabajo, pero parece tan insuperable que me cuesta ponerme a ello. Le ped\u00ed a una amiga, Caroline Schlencker, profesora de ingl\u00e9s y actriz aficionada con una voz magn\u00edfica, que hablara y grabara la voz en off. Me result\u00f3 dif\u00edcil hacerle llegar el texto, pero finalmente se ofreci\u00f3 a escribirlo por m\u00ed tras definir conmigo las l\u00edneas generales del mensaje.<\/p>\r\n\r\n\r\n\r\n<p>Lo grabaremos en casa de R\u00e9mi Guirao, un amigo m\u00fasico, guitarrista y cantante, que tiene el equipo y las habilidades para producir un resultado de buena calidad. Pasaremos una larga tarde de un lunes de verano, en v\u00edsperas de la fecha l\u00edmite para enviar la pel\u00edcula terminada al equipo t\u00e9cnico de la FIFAD...\u00a0<\/p>\r\n\r\n\r\n\r\n<p>Caroline y R\u00e9mi han salvado la pel\u00edcula, o al menos su proyecci\u00f3n en el Festival des Diablerets. Tambi\u00e9n es all\u00ed donde nos reuniremos con Jean-Fran\u00e7ois Labarthe, administrador de una importante fundaci\u00f3n donante con sede en Ginebra, que ser\u00e1 el primer gran financiador que conf\u00ede en nosotros.\u00a0<\/p>\r\n\r\n\r\n\r\n<p>Es muy agradable descubrir, a cada paso del proyecto escolar para Sona, que muchas personas est\u00e1n dispuestas a ayudarte, a dedicar su energ\u00eda y su talento sin esperar nada a cambio. Participar en un proyecto humanitario es encontrarse en una din\u00e1mica colectiva positiva, guiada por la empat\u00eda y que saca lo mejor de cada uno.<\/p>\r\n\r\n\r\n\r\n<p>A partir de entonces, R\u00e9mi y Caroline seguir\u00e1n siendo mi mejor apoyo para la producci\u00f3n de los v\u00eddeos de la Fundaci\u00f3n. Caroline escribir\u00e1 y me dir\u00e1 muchas locuciones para los diferentes v\u00eddeos que produciremos, en franc\u00e9s y en ingl\u00e9s.<\/p>\r\n\r\n\r\n\r\n<p>Tras la grabaci\u00f3n de la voz en off, R\u00e9mi me propuso componer y grabar una m\u00fasica personalizada para la siguiente versi\u00f3n del documental, con su compa\u00f1ero Sandro Di Bartolomeo, en lugar de la m\u00fasica est\u00e1ndar que hab\u00eda elegido inicialmente. Unas semanas despu\u00e9s, est\u00e1 hecho.<\/p>\r\n\r\n\r\n\r\n<p>Ya tenemos un magn\u00edfico soporte de v\u00eddeo con el que iniciar nuestra gira de veladas en el Campo Base con Allibert Trekking. De Par\u00eds a Ginebra, estas veladas han sido un gran \u00e9xito de asistencia y de intercambios. La imagen de Etiop\u00eda est\u00e1 distorsionada por la crisis humanitaria de los a\u00f1os 80, y descubrir que el 80% del pa\u00eds se encuentra a m\u00e1s de 2000 m de altitud y es verde \u00a1es generalmente una sorpresa!<\/p>\r\n\r\n\r\n\r\n<p>El documental siempre ha sido bien recibido, con los agricultores y paisajes de Simien magn\u00edficamente realzados por la m\u00fasica y la voz en off.\u00a0<\/p>\r\n\r\n\r\n\r\n<h2 class=\"wp-block-heading\" id=\"h-fiche-technique\">Ficha t\u00e9cnica<\/h2>\r\n\r\n\r\n\r\n<p>Direcci\u00f3n: Herv\u00e9 Doulat (SCAM n\u00ba 338681) &amp; Eric Collet<\/p>\r\n\r\n\r\n\r\n<p>Producci\u00f3n: 1628films \/ Castors Films<\/p>\r\n\r\n\r\n\r\n<p>M\u00fasica: L'Oiseau (R\u00e9mi Guirao \/ Sandro Di Bartolomeo)<\/p>\r\n\r\n\r\n\r\n<p>Voz en off: Caroline Schlencker<\/p>\r\n\r\n\r\n\r\n<p>Duraci\u00f3n: 24 mn 22<\/p>\r\n\r\n\r\n\r\n<p>Formato: HD 1080p<\/p>\r\n\r\n\r\n\r\n<p>N\u00daMERO DE ESTAFA: 780096<\/p>\r\n\r\n\r\n\r\n<p>Vea otros logros de la Fundaci\u00f3n en la secci\u00f3n <a href=\"https:\/\/childreninthecloud.org\/es\/video-del-proyecto\/\">El proyecto en videos<\/a>.<\/p>\r\n\r\n\r\n\r\n<p>M\u00e1s informaci\u00f3n <a href=\"https:\/\/www.fifad.ch\/\" target=\"_blank\" rel=\"noreferrer noopener\">FIFAD<\/a>.<\/p>","protected":false},"excerpt":{"rendered":"<p>En 2017, tras el cuarto de nuestros viajes a Simien, en Etiop\u00eda, en el marco del proyecto de construcci\u00f3n de la escuela de Sona, Jean-Philippe Rapp, entonces director del Festival des Diablerets, nos anim\u00f3 a presentar all\u00ed una pel\u00edcula. Tras ver los v\u00eddeos de cada uno de nuestros viajes, Jean-Philippe Rapp nos propuso recopilarlos en una pel\u00edcula. <\/p>","protected":false},"author":1,"featured_media":5527,"comment_status":"closed","ping_status":"closed","sticky":false,"template":"","format":"standard","meta":{"wds_primary_category":0,"footnotes":""},"categories":[644,3],"tags":[],"class_list":["post-5523","post","type-post","status-publish","format-standard","has-post-thumbnail","hentry","category-encyclopedie-ethiopie","category-vie-de-la-fondation","latest_post"],"_links":{"self":[{"href":"https:\/\/childreninthecloud.org\/es\/wp-json\/wp\/v2\/posts\/5523","targetHints":{"allow":["GET"]}}],"collection":[{"href":"https:\/\/childreninthecloud.org\/es\/wp-json\/wp\/v2\/posts"}],"about":[{"href":"https:\/\/childreninthecloud.org\/es\/wp-json\/wp\/v2\/types\/post"}],"author":[{"embeddable":true,"href":"https:\/\/childreninthecloud.org\/es\/wp-json\/wp\/v2\/users\/1"}],"replies":[{"embeddable":true,"href":"https:\/\/childreninthecloud.org\/es\/wp-json\/wp\/v2\/comments?post=5523"}],"version-history":[{"count":1,"href":"https:\/\/childreninthecloud.org\/es\/wp-json\/wp\/v2\/posts\/5523\/revisions"}],"predecessor-version":[{"id":8585,"href":"https:\/\/childreninthecloud.org\/es\/wp-json\/wp\/v2\/posts\/5523\/revisions\/8585"}],"wp:featuredmedia":[{"embeddable":true,"href":"https:\/\/childreninthecloud.org\/es\/wp-json\/wp\/v2\/media\/5527"}],"wp:attachment":[{"href":"https:\/\/childreninthecloud.org\/es\/wp-json\/wp\/v2\/media?parent=5523"}],"wp:term":[{"taxonomy":"category","embeddable":true,"href":"https:\/\/childreninthecloud.org\/es\/wp-json\/wp\/v2\/categories?post=5523"},{"taxonomy":"post_tag","embeddable":true,"href":"https:\/\/childreninthecloud.org\/es\/wp-json\/wp\/v2\/tags?post=5523"}],"curies":[{"name":"wp","href":"https:\/\/api.w.org\/{rel}","templated":true}]}}